{"id":8586,"date":"2014-08-31T12:45:51","date_gmt":"2014-08-31T09:45:51","guid":{"rendered":"http:\/\/www.sana.sy\/tr\/?p=8586"},"modified":"2014-09-01T12:19:53","modified_gmt":"2014-09-01T09:19:53","slug":"intihar-eylemcisi-teroristin-saldirisinda-2-sehit-10-yarali","status":"publish","type":"post","link":"https:\/\/archive.sana.sy\/tr\/?p=8586","title":{"rendered":"\u0130ntihar Eylemcisi Ter\u00f6ristin Sald\u0131r\u0131s\u0131nda 2 \u015eehit 10 Yaral\u0131"},"content":{"rendered":"<p>\u0130LLER \u2013 Bir intihar eylemcisi ter\u00f6ristin Hama Selemiye Kenti bat\u0131s\u0131ndaki \u201cHureys Mezraas\u0131\u201d K\u00f6y\u00fcnde bu sabah kulland\u0131\u011f\u0131 bomba y\u00fckl\u00fc arac\u0131n infilak etmesi sonucunda 2 vatanda\u015f \u015fehit d\u00fc\u015ft\u00fc aralar\u0131nda bir \u00e7ocu\u011fun bulundu\u011fu 10 ki\u015fi de yaraland\u0131.<\/p>\n<p>Hama \u0130l Emniyet M\u00fcd\u00fcrl\u00fc\u011f\u00fc Kayna\u011f\u0131 SANA muhabirine, bir intihar eylemcisi ter\u00f6ristin kulland\u0131\u011f\u0131 bomba y\u00fckl\u00fc z\u0131rhl\u0131 arac\u0131n Selemiye kentinin bat\u0131s\u0131na do\u011fru 10 km uzakl\u0131kta olan Teldere Beldesi yolu \u00fczerinde d\u00fc\u015fen Hureys Mezraas\u0131 K\u00f6y\u00fcne s\u0131zd\u0131\u011f\u0131n\u0131 saat 03:00 sular\u0131nda da arac\u0131 15 evden olu\u015fan Semtte patlatt\u0131\u011f\u0131n\u0131, patlama sonucunda 2 vatanda\u015f\u0131n \u015fehit d\u00fc\u015fmesine 10 vatanda\u015f\u0131n da yaralanmas\u0131na, evlerin \u00e7o\u011funun da y\u0131k\u0131lmas\u0131na yol a\u00e7t\u0131\u011f\u0131n\u0131 s\u00f6yledi.<\/p>\n<p>Selemiye Vatan Hastanesi M\u00fcd\u00fcr\u00fc Nevfel Sefer, yaral\u0131lar\u0131n Hastaneye kald\u0131r\u0131ld\u0131klar\u0131n\u0131 acil ve sa\u011fl\u0131k ekiplerinin orta ve hafif derecedeki yaral\u0131lara gerekli tedavileri yapt\u0131klar\u0131n\u0131 belirtti.<\/p>\n<p><span style=\"color: #0000ff\">Ter\u00f6ristlerin Havanl\u0131 Ter\u00f6r Sald\u0131r\u0131lar\u0131nda 3 Kad\u0131n Yaraland\u0131<\/span><\/p>\n<p>Ote yandan \u00a0ter\u00f6ristlerin bug\u00fcn \u015eam\u2019\u0131n el \u015ea\u011fur Semtine y\u00f6nelik f\u0131rlatt\u0131klar\u0131 havan mermileri sonucunda biri k\u0131z \u00e7ocu\u011fu olmak \u00fczere 3 kad\u0131n yaraland\u0131 2 evde de maddi zararlar meydana geldi.<\/p>\n<p>\u015eam \u0130li Emniyet Kayna\u011f\u0131 SANA muhabirine a\u00e7\u0131klamas\u0131nda, ter\u00f6ristlerin f\u0131rlatt\u0131\u011f\u0131 havan mermilerinin birinin el \u015eeyh Soka\u011f\u0131na d\u00fc\u015ft\u00fc\u011f\u00fcn\u00fc bir 9 ya\u015f\u0131nda k\u0131z \u00e7ocu\u011funun bulundu\u011fu 3 kad\u0131n\u0131n orta derecede yaraland\u0131\u011f\u0131n\u0131 buna ek olarak 2 evde de maddi zararlara yol a\u00e7t\u0131\u011f\u0131n\u0131 s\u00f6yledi.<\/p>\n<p>Ter\u00f6ristlerin d\u00fcn de, el \u015ea\u011fur, Abbasiler, ve Kassa sivil yerle\u015fim Semtlerine y\u00f6nelik d\u00fczenledi\u011fi bir dizi havan sald\u0131r\u0131s\u0131 sonucunda aralar\u0131nda bir gen\u00e7 k\u0131z\u0131n bulundu\u011fu 4 vatanda\u015f\u0131m\u0131z yaralanm\u0131\u015ft\u0131.<\/p>\n<p><span style=\"color: #0000ff\">Ter\u00f6ristlerden Sivillere Y\u00f6nelik Roket Sald\u0131r\u0131s\u0131<\/span><\/p>\n<p>Ter\u00f6ristlerin bug\u00fcn Hama\u2019n\u0131n Maharda Kentine roketlerle d\u00fczenledikleri ter\u00f6r sald\u0131r\u0131lar\u0131 sonucunda vatanda\u015flar\u0131n ev ve m\u00fclklerinde maddi zararlar olu\u015ftu.<\/p>\n<p>Hama \u0130l Emniyet M\u00fcd\u00fcrl\u00fc\u011f\u00fc Kayna\u011f\u0131 SANA muhabirine a\u00e7\u0131klamas\u0131nda, ter\u00f6ristlerin f\u0131rlatt\u0131\u011f\u0131 3 roketin kentin kuzey semtine d\u00fc\u015ft\u00fc\u011f\u00fcn\u00fc vatanda\u015flar\u0131n ev ve m\u00fclklerinde maddi zararlara yol a\u00e7t\u0131\u011f\u0131n\u0131 vatanda\u015flar aras\u0131nda da hi\u00e7 bir isabetin meydana gelmedi\u011fini s\u00f6yledi.<\/p>\n<div id='gallery-1' class='gallery galleryid-8586 gallery-columns-3 gallery-size-thumbnail'><figure class='gallery-item'>\n\t\t\t<div class='gallery-icon landscape'>\n\t\t\t\t<a href='https:\/\/archive.sana.sy\/tr\/?attachment_id=8598'><img loading=\"lazy\" decoding=\"async\" width=\"150\" height=\"79\" src=\"https:\/\/archive.sana.sy\/tr\/wp-content\/uploads\/2014\/08\/hama-7-150x79.jpg\" class=\"attachment-thumbnail size-thumbnail\" alt=\"\" srcset=\"https:\/\/archive.sana.sy\/tr\/wp-content\/uploads\/2014\/08\/hama-7-150x79.jpg 150w, https:\/\/archive.sana.sy\/tr\/wp-content\/uploads\/2014\/08\/hama-7-300x160.jpg 300w, https:\/\/archive.sana.sy\/tr\/wp-content\/uploads\/2014\/08\/hama-7.jpg 620w\" sizes=\"auto, (max-width: 150px) 100vw, 150px\" \/><\/a>\n\t\t\t<\/div><\/figure><figure class='gallery-item'>\n\t\t\t<div class='gallery-icon landscape'>\n\t\t\t\t<a href='https:\/\/archive.sana.sy\/tr\/?attachment_id=8596'><img loading=\"lazy\" decoding=\"async\" width=\"150\" height=\"79\" src=\"https:\/\/archive.sana.sy\/tr\/wp-content\/uploads\/2014\/08\/hama-5-150x79.jpg\" class=\"attachment-thumbnail size-thumbnail\" alt=\"\" srcset=\"https:\/\/archive.sana.sy\/tr\/wp-content\/uploads\/2014\/08\/hama-5-150x79.jpg 150w, https:\/\/archive.sana.sy\/tr\/wp-content\/uploads\/2014\/08\/hama-5-300x160.jpg 300w, https:\/\/archive.sana.sy\/tr\/wp-content\/uploads\/2014\/08\/hama-5.jpg 620w\" sizes=\"auto, (max-width: 150px) 100vw, 150px\" \/><\/a>\n\t\t\t<\/div><\/figure><figure class='gallery-item'>\n\t\t\t<div class='gallery-icon landscape'>\n\t\t\t\t<a href='https:\/\/archive.sana.sy\/tr\/?attachment_id=8595'><img loading=\"lazy\" decoding=\"async\" width=\"150\" height=\"79\" src=\"https:\/\/archive.sana.sy\/tr\/wp-content\/uploads\/2014\/08\/hama-4-150x79.jpg\" class=\"attachment-thumbnail size-thumbnail\" alt=\"\" srcset=\"https:\/\/archive.sana.sy\/tr\/wp-content\/uploads\/2014\/08\/hama-4-150x79.jpg 150w, https:\/\/archive.sana.sy\/tr\/wp-content\/uploads\/2014\/08\/hama-4-300x160.jpg 300w, https:\/\/archive.sana.sy\/tr\/wp-content\/uploads\/2014\/08\/hama-4.jpg 620w\" sizes=\"auto, (max-width: 150px) 100vw, 150px\" \/><\/a>\n\t\t\t<\/div><\/figure><figure class='gallery-item'>\n\t\t\t<div class='gallery-icon landscape'>\n\t\t\t\t<a href='https:\/\/archive.sana.sy\/tr\/?attachment_id=8594'><img loading=\"lazy\" decoding=\"async\" width=\"150\" height=\"79\" src=\"https:\/\/archive.sana.sy\/tr\/wp-content\/uploads\/2014\/08\/hama-3-150x79.jpg\" class=\"attachment-thumbnail size-thumbnail\" alt=\"\" srcset=\"https:\/\/archive.sana.sy\/tr\/wp-content\/uploads\/2014\/08\/hama-3-150x79.jpg 150w, https:\/\/archive.sana.sy\/tr\/wp-content\/uploads\/2014\/08\/hama-3-300x160.jpg 300w, https:\/\/archive.sana.sy\/tr\/wp-content\/uploads\/2014\/08\/hama-3.jpg 620w\" sizes=\"auto, (max-width: 150px) 100vw, 150px\" \/><\/a>\n\t\t\t<\/div><\/figure><figure class='gallery-item'>\n\t\t\t<div class='gallery-icon landscape'>\n\t\t\t\t<a href='https:\/\/archive.sana.sy\/tr\/?attachment_id=8593'><img loading=\"lazy\" decoding=\"async\" width=\"150\" height=\"79\" src=\"https:\/\/archive.sana.sy\/tr\/wp-content\/uploads\/2014\/08\/hama-2-150x79.jpg\" class=\"attachment-thumbnail size-thumbnail\" alt=\"\" srcset=\"https:\/\/archive.sana.sy\/tr\/wp-content\/uploads\/2014\/08\/hama-2-150x79.jpg 150w, https:\/\/archive.sana.sy\/tr\/wp-content\/uploads\/2014\/08\/hama-2-300x160.jpg 300w, https:\/\/archive.sana.sy\/tr\/wp-content\/uploads\/2014\/08\/hama-2.jpg 620w\" sizes=\"auto, (max-width: 150px) 100vw, 150px\" \/><\/a>\n\t\t\t<\/div><\/figure><figure class='gallery-item'>\n\t\t\t<div class='gallery-icon landscape'>\n\t\t\t\t<a href='https:\/\/archive.sana.sy\/tr\/?attachment_id=8592'><img loading=\"lazy\" decoding=\"async\" width=\"150\" height=\"79\" src=\"https:\/\/archive.sana.sy\/tr\/wp-content\/uploads\/2014\/08\/hama-1-150x79.jpg\" class=\"attachment-thumbnail size-thumbnail\" alt=\"\" srcset=\"https:\/\/archive.sana.sy\/tr\/wp-content\/uploads\/2014\/08\/hama-1-150x79.jpg 150w, https:\/\/archive.sana.sy\/tr\/wp-content\/uploads\/2014\/08\/hama-1-300x160.jpg 300w, https:\/\/archive.sana.sy\/tr\/wp-content\/uploads\/2014\/08\/hama-1.jpg 620w\" sizes=\"auto, (max-width: 150px) 100vw, 150px\" \/><\/a>\n\t\t\t<\/div><\/figure>\n\t\t<\/div>\n\n","protected":false},"excerpt":{"rendered":"<p>\u0130LLER \u2013 Bir intihar eylemcisi ter\u00f6ristin Hama Selemiye Kenti bat\u0131s\u0131ndaki \u201cHureys Mezraas\u0131\u201d K\u00f6y\u00fcnde bu sabah kulland\u0131\u011f\u0131 bomba y\u00fckl\u00fc arac\u0131n infilak etmesi sonucunda 2 vatanda\u015f \u015fehit d\u00fc\u015ft\u00fc aralar\u0131nda bir \u00e7ocu\u011fun bulundu\u011fu 10 ki\u015fi de yaraland\u0131. Hama \u0130l Emniyet M\u00fcd\u00fcrl\u00fc\u011f\u00fc Kayna\u011f\u0131 SANA muhabirine, bir intihar eylemcisi ter\u00f6ristin kulland\u0131\u011f\u0131 bomba y\u00fckl\u00fc z\u0131rhl\u0131 arac\u0131n Selemiye kentinin bat\u0131s\u0131na do\u011fru 10 &hellip;<\/p>\n","protected":false},"author":1,"featured_media":8587,"comment_status":"closed","ping_status":"closed","sticky":false,"template":"","format":"standard","meta":{"footnotes":""},"categories":[596,575],"tags":[1929],"class_list":["post-8586","post","type-post","status-publish","format-standard","has-post-thumbnail","","category-fotografli-raporlar","category-olaylar-ve-gercekler","tag-intihar-eylemcisi-teroristin-saldirisinda-2-sehit-10-yarali"],"_links":{"self":[{"href":"https:\/\/archive.sana.sy\/tr\/index.php?rest_route=\/wp\/v2\/posts\/8586","targetHints":{"allow":["GET"]}}],"collection":[{"href":"https:\/\/archive.sana.sy\/tr\/index.php?rest_route=\/wp\/v2\/posts"}],"about":[{"href":"https:\/\/archive.sana.sy\/tr\/index.php?rest_route=\/wp\/v2\/types\/post"}],"author":[{"embeddable":true,"href":"https:\/\/archive.sana.sy\/tr\/index.php?rest_route=\/wp\/v2\/users\/1"}],"replies":[{"embeddable":true,"href":"https:\/\/archive.sana.sy\/tr\/index.php?rest_route=%2Fwp%2Fv2%2Fcomments&post=8586"}],"version-history":[{"count":0,"href":"https:\/\/archive.sana.sy\/tr\/index.php?rest_route=\/wp\/v2\/posts\/8586\/revisions"}],"wp:featuredmedia":[{"embeddable":true,"href":"https:\/\/archive.sana.sy\/tr\/index.php?rest_route=\/wp\/v2\/media\/8587"}],"wp:attachment":[{"href":"https:\/\/archive.sana.sy\/tr\/index.php?rest_route=%2Fwp%2Fv2%2Fmedia&parent=8586"}],"wp:term":[{"taxonomy":"category","embeddable":true,"href":"https:\/\/archive.sana.sy\/tr\/index.php?rest_route=%2Fwp%2Fv2%2Fcategories&post=8586"},{"taxonomy":"post_tag","embeddable":true,"href":"https:\/\/archive.sana.sy\/tr\/index.php?rest_route=%2Fwp%2Fv2%2Ftags&post=8586"}],"curies":[{"name":"wp","href":"https:\/\/api.w.org\/{rel}","templated":true}]}}