{"id":85866,"date":"2016-08-31T12:25:52","date_gmt":"2016-08-31T09:25:52","guid":{"rendered":"http:\/\/www.sana.sy\/tr\/?p=85866"},"modified":"2016-08-31T14:41:15","modified_gmt":"2016-08-31T11:41:15","slug":"deyrezzorda-ise-isidli-radikal-teroristler-kentin-sivil-yerleim-alanlarindan-cura-ve-kusur-semtlerini-fuzelerle-hedef-aldi","status":"publish","type":"post","link":"https:\/\/archive.sana.sy\/tr\/?p=85866","title":{"rendered":"Deyrezzor\u2019da ise I\u015e\u0130D\u2019li radikal ter\u00f6ristler Kentin sivil yerleim alanlar\u0131ndan Cura ve Kusur semtlerini f\u00fczelerle hedef ald\u0131"},"content":{"rendered":"<p>Deyrezzor\u2019da ise I\u015e\u0130D\u2019li radikal ter\u00f6ristler Kentin sivil yerleim alanlar\u0131ndan Cura ve Kusur semtlerini f\u00fczelerle hedef ald\u0131<\/p>\n","protected":false},"excerpt":{"rendered":"<p>Deyrezzor\u2019da ise I\u015e\u0130D\u2019li radikal ter\u00f6ristler Kentin sivil yerleim alanlar\u0131ndan Cura ve Kusur semtlerini f\u00fczelerle hedef ald\u0131<\/p>\n","protected":false},"author":1,"featured_media":0,"comment_status":"closed","ping_status":"closed","sticky":false,"template":"","format":"standard","meta":{"footnotes":""},"categories":[17991],"tags":[],"class_list":["post-85866","post","type-post","status-publish","format-standard","","category-son-dakika"],"_links":{"self":[{"href":"https:\/\/archive.sana.sy\/tr\/index.php?rest_route=\/wp\/v2\/posts\/85866","targetHints":{"allow":["GET"]}}],"collection":[{"href":"https:\/\/archive.sana.sy\/tr\/index.php?rest_route=\/wp\/v2\/posts"}],"about":[{"href":"https:\/\/archive.sana.sy\/tr\/index.php?rest_route=\/wp\/v2\/types\/post"}],"author":[{"embeddable":true,"href":"https:\/\/archive.sana.sy\/tr\/index.php?rest_route=\/wp\/v2\/users\/1"}],"replies":[{"embeddable":true,"href":"https:\/\/archive.sana.sy\/tr\/index.php?rest_route=%2Fwp%2Fv2%2Fcomments&post=85866"}],"version-history":[{"count":0,"href":"https:\/\/archive.sana.sy\/tr\/index.php?rest_route=\/wp\/v2\/posts\/85866\/revisions"}],"wp:attachment":[{"href":"https:\/\/archive.sana.sy\/tr\/index.php?rest_route=%2Fwp%2Fv2%2Fmedia&parent=85866"}],"wp:term":[{"taxonomy":"category","embeddable":true,"href":"https:\/\/archive.sana.sy\/tr\/index.php?rest_route=%2Fwp%2Fv2%2Fcategories&post=85866"},{"taxonomy":"post_tag","embeddable":true,"href":"https:\/\/archive.sana.sy\/tr\/index.php?rest_route=%2Fwp%2Fv2%2Ftags&post=85866"}],"curies":[{"name":"wp","href":"https:\/\/api.w.org\/{rel}","templated":true}]}}