{"id":85888,"date":"2016-08-31T14:30:25","date_gmt":"2016-08-31T11:30:25","guid":{"rendered":"http:\/\/www.sana.sy\/tr\/?p=85888"},"modified":"2016-08-31T15:01:47","modified_gmt":"2016-08-31T12:01:47","slug":"rusya-savunma-bakanligi-isid-teror-orgutunun-sozcusu-olarak-bilinen-azili-teror-elebasi-ebu-muhammed-el-adnaninin-rus-hava-guclerinin-operasyonlari-sonucunda-olduruldugunun-altini-ci","status":"publish","type":"post","link":"https:\/\/archive.sana.sy\/tr\/?p=85888","title":{"rendered":"Rusya Savunma Bakanl\u0131\u011f\u0131 I\u015e\u0130D ter\u00f6r \u00f6rg\u00fct\u00fcn\u00fcn s\u00f6zc\u00fcs\u00fc olarak bilinen az\u0131l\u0131 ter\u00f6r eleba\u015f\u0131 \u2018Ebu Muhammed el Adnani\u2019nin Rus hava g\u00fc\u00e7lerinin operasyonlar\u0131 sonucunda \u00f6ld\u00fcr\u00fcld\u00fc\u011f\u00fcn\u00fcn alt\u0131n\u0131 \u00e7izdi."},"content":{"rendered":"<p>Rusya Savunma Bakanl\u0131\u011f\u0131 I\u015e\u0130D ter\u00f6r \u00f6rg\u00fct\u00fcn\u00fcn s\u00f6zc\u00fcs\u00fc olarak bilinen az\u0131l\u0131 ter\u00f6r eleba\u015f\u0131 \u2018Ebu Muhammed el Adnani\u2019nin Rus hava g\u00fc\u00e7lerinin operasyonlar\u0131 sonucunda \u00f6ld\u00fcr\u00fcld\u00fc\u011f\u00fcn\u00fcn alt\u0131n\u0131 \u00e7izdi.<\/p>\n","protected":false},"excerpt":{"rendered":"<p>Rusya Savunma Bakanl\u0131\u011f\u0131 I\u015e\u0130D ter\u00f6r \u00f6rg\u00fct\u00fcn\u00fcn s\u00f6zc\u00fcs\u00fc olarak bilinen az\u0131l\u0131 ter\u00f6r eleba\u015f\u0131 \u2018Ebu Muhammed el Adnani\u2019nin Rus hava g\u00fc\u00e7lerinin operasyonlar\u0131 sonucunda \u00f6ld\u00fcr\u00fcld\u00fc\u011f\u00fcn\u00fcn alt\u0131n\u0131 \u00e7izdi.<\/p>\n","protected":false},"author":1,"featured_media":0,"comment_status":"closed","ping_status":"closed","sticky":false,"template":"","format":"standard","meta":{"footnotes":""},"categories":[17991],"tags":[],"class_list":["post-85888","post","type-post","status-publish","format-standard","","category-son-dakika"],"_links":{"self":[{"href":"https:\/\/archive.sana.sy\/tr\/index.php?rest_route=\/wp\/v2\/posts\/85888","targetHints":{"allow":["GET"]}}],"collection":[{"href":"https:\/\/archive.sana.sy\/tr\/index.php?rest_route=\/wp\/v2\/posts"}],"about":[{"href":"https:\/\/archive.sana.sy\/tr\/index.php?rest_route=\/wp\/v2\/types\/post"}],"author":[{"embeddable":true,"href":"https:\/\/archive.sana.sy\/tr\/index.php?rest_route=\/wp\/v2\/users\/1"}],"replies":[{"embeddable":true,"href":"https:\/\/archive.sana.sy\/tr\/index.php?rest_route=%2Fwp%2Fv2%2Fcomments&post=85888"}],"version-history":[{"count":0,"href":"https:\/\/archive.sana.sy\/tr\/index.php?rest_route=\/wp\/v2\/posts\/85888\/revisions"}],"wp:attachment":[{"href":"https:\/\/archive.sana.sy\/tr\/index.php?rest_route=%2Fwp%2Fv2%2Fmedia&parent=85888"}],"wp:term":[{"taxonomy":"category","embeddable":true,"href":"https:\/\/archive.sana.sy\/tr\/index.php?rest_route=%2Fwp%2Fv2%2Fcategories&post=85888"},{"taxonomy":"post_tag","embeddable":true,"href":"https:\/\/archive.sana.sy\/tr\/index.php?rest_route=%2Fwp%2Fv2%2Ftags&post=85888"}],"curies":[{"name":"wp","href":"https:\/\/api.w.org\/{rel}","templated":true}]}}