{"id":8589,"date":"2014-08-31T11:51:21","date_gmt":"2014-08-31T08:51:21","guid":{"rendered":"http:\/\/www.sana.sy\/tr\/?p=8589"},"modified":"2014-08-31T11:51:21","modified_gmt":"2014-08-31T08:51:21","slug":"silahli-teror-gruplarinca-abluka-altindaki-yermuk-kampinda-350-gida-sepeti-dagitildi","status":"publish","type":"post","link":"https:\/\/archive.sana.sy\/tr\/?p=8589","title":{"rendered":"Silahl\u0131 Ter\u00f6r Gruplar\u0131nca Abluka Alt\u0131ndaki Yermuk Kamp\u0131nda 350 G\u0131da Sepeti Da\u011f\u0131t\u0131ld\u0131"},"content":{"rendered":"<p>\u015eAM \u2013 Filistinli Arap M\u00fcltecileri Genel Kurumu ile Filistinli M\u00fcltecilere Yard\u0131m ve \u00c7al\u0131\u015ft\u0131rma Ajans\u0131 UNRWA, Suriye H\u00fck\u00fcmetinin deste\u011fiyle silahl\u0131 ter\u00f6r gruplar\u0131 taraf\u0131ndan abluka alt\u0131ndaki Yermuk kamp\u0131n\u0131n el Rama caddesinde d\u00fcn ekmekle birlikte 350 g\u0131da sepeti da\u011f\u0131tt\u0131.<\/p>\n<p>Kurum genel m\u00fcd\u00fcr\u00fc Ali Mustafa SANA\u2019ya a\u00e7\u0131klamas\u0131nda, UNRWA\u2019ya ba\u011fl\u0131 sa\u011fl\u0131k noktas\u0131n\u0131n da\u011f\u0131t\u0131m mevkiinde hastalara tedavi ve ila\u00e7 sunmaya devam etti\u011fini bug\u00fcn de insani yard\u0131mlar\u0131n da\u011f\u0131t\u0131lmas\u0131na devam edilece\u011fini s\u00f6yledi.<\/p>\n<p>Mustafa, 30 Ocak 2014 tarihinden bu yana kampta ikamet etmekte olan Filistinli ve Suriyeli ailelere da\u011f\u0131t\u0131lan g\u0131da sepetlerinin 45360 sepete vard\u0131\u011f\u0131n\u0131 a\u00e7\u0131klad\u0131.<\/p>\n<p>Filistinli Arap M\u00fcltecileri Genel Kurumu ile Filistinli M\u00fcltecilere Yard\u0131m ve \u00c7al\u0131\u015ft\u0131rma Ajans\u0131 UNRWA iki g\u00fcn \u00f6nce de, ekmekle birlikte el Rama Caddesinde 350 g\u0131da sepeti da\u011f\u0131tm\u0131\u015ft\u0131.<\/p>\n<p>&nbsp;<\/p>\n","protected":false},"excerpt":{"rendered":"<p>\u015eAM \u2013 Filistinli Arap M\u00fcltecileri Genel Kurumu ile Filistinli M\u00fcltecilere Yard\u0131m ve \u00c7al\u0131\u015ft\u0131rma Ajans\u0131 UNRWA, Suriye H\u00fck\u00fcmetinin deste\u011fiyle silahl\u0131 ter\u00f6r gruplar\u0131 taraf\u0131ndan abluka alt\u0131ndaki Yermuk kamp\u0131n\u0131n el Rama caddesinde d\u00fcn ekmekle birlikte 350 g\u0131da sepeti da\u011f\u0131tt\u0131. Kurum genel m\u00fcd\u00fcr\u00fc Ali Mustafa SANA\u2019ya a\u00e7\u0131klamas\u0131nda, UNRWA\u2019ya ba\u011fl\u0131 sa\u011fl\u0131k noktas\u0131n\u0131n da\u011f\u0131t\u0131m mevkiinde hastalara tedavi ve ila\u00e7 sunmaya devam &hellip;<\/p>\n","protected":false},"author":1,"featured_media":8590,"comment_status":"closed","ping_status":"closed","sticky":false,"template":"","format":"standard","meta":{"footnotes":""},"categories":[479,538,478],"tags":[1930],"class_list":["post-8589","post","type-post","status-publish","format-standard","has-post-thumbnail","","category-haberler-yerel","category-yasam","category-yerel","tag-silahli-teror-gruplarinca-abluka-altindaki-yermuk-kampinda-350-gida-sepeti-dagitildi"],"_links":{"self":[{"href":"https:\/\/archive.sana.sy\/tr\/index.php?rest_route=\/wp\/v2\/posts\/8589","targetHints":{"allow":["GET"]}}],"collection":[{"href":"https:\/\/archive.sana.sy\/tr\/index.php?rest_route=\/wp\/v2\/posts"}],"about":[{"href":"https:\/\/archive.sana.sy\/tr\/index.php?rest_route=\/wp\/v2\/types\/post"}],"author":[{"embeddable":true,"href":"https:\/\/archive.sana.sy\/tr\/index.php?rest_route=\/wp\/v2\/users\/1"}],"replies":[{"embeddable":true,"href":"https:\/\/archive.sana.sy\/tr\/index.php?rest_route=%2Fwp%2Fv2%2Fcomments&post=8589"}],"version-history":[{"count":0,"href":"https:\/\/archive.sana.sy\/tr\/index.php?rest_route=\/wp\/v2\/posts\/8589\/revisions"}],"wp:featuredmedia":[{"embeddable":true,"href":"https:\/\/archive.sana.sy\/tr\/index.php?rest_route=\/wp\/v2\/media\/8590"}],"wp:attachment":[{"href":"https:\/\/archive.sana.sy\/tr\/index.php?rest_route=%2Fwp%2Fv2%2Fmedia&parent=8589"}],"wp:term":[{"taxonomy":"category","embeddable":true,"href":"https:\/\/archive.sana.sy\/tr\/index.php?rest_route=%2Fwp%2Fv2%2Fcategories&post=8589"},{"taxonomy":"post_tag","embeddable":true,"href":"https:\/\/archive.sana.sy\/tr\/index.php?rest_route=%2Fwp%2Fv2%2Ftags&post=8589"}],"curies":[{"name":"wp","href":"https:\/\/api.w.org\/{rel}","templated":true}]}}