{"id":85897,"date":"2016-08-31T14:00:31","date_gmt":"2016-08-31T11:00:31","guid":{"rendered":"http:\/\/www.sana.sy\/tr\/?p=85897"},"modified":"2016-09-02T14:12:00","modified_gmt":"2016-09-02T11:12:00","slug":"adnani-rus-hava-guclerinin-operasyonuyla-olduruldu","status":"publish","type":"post","link":"https:\/\/archive.sana.sy\/tr\/?p=85897","title":{"rendered":"Adnani Rus Hava G\u00fc\u00e7lerinin Operasyonuyla \u00d6ld\u00fcr\u00fcld\u00fc"},"content":{"rendered":"<p>MOSKOVA \u2013 Rusya Savunma Bakanl\u0131\u011f\u0131, I\u015e\u0130D&#8217;in iki numaral\u0131 ismi olan \u2018Ebu Muhammed el Adnani\u2019nin Rus hava g\u00fc\u00e7lerinin Halep yak\u0131nlar\u0131nda d\u00fczenledi\u011fi bir hava operasyonunda \u00f6ld\u00fcr\u00fcld\u00fc\u011f\u00fcn\u00fc belirtti.<\/p>\n<p>Rus bakanl\u0131ktan yap\u0131lan a\u00e7\u0131klamada, Rus Su-34 u\u00e7aklar\u0131n\u0131n Suriye&#8217;nin Halep Kenti yak\u0131nlar\u0131ndaki Maarrat Um Hav\u015f B\u00f6lgesinde d\u00fczenledi\u011fi operasyonda 40 militandan olu\u015fan bir grubun tamamen etkisiz hale getirildi\u011fini kaydetti. Operasyonda \u00f6lenler aras\u0131nda I\u015e\u0130D&#8217;in &#8216;bas\u0131n s\u00f6zc\u00fcs\u00fc&#8217; olarak bilinen \u2018Muhammed el Adnani&#8217;nin de yer ald\u0131\u011f\u0131n\u0131 ifade eden Rus bakanl\u0131k; Adnani&#8217;nin \u00f6ld\u00fcr\u00fcld\u00fc\u011f\u00fcn\u00fcn birka\u00e7 istihbarat kanal\u0131 \u00fczerinden do\u011fruland\u0131\u011f\u0131na da dikkat \u00e7ekti.<\/p>\n<p>\u00d6te yandan Sputnik Ajans\u0131 muhabiri Adnani\u2019nin, askeri operasyonlar\u0131 denetlemek amac\u0131yla d\u00fcn sabah saat 05:30 sular\u0131nda Rakka&#8217;dan Halep kentinin Maarrat Um Hav\u015f B\u00f6lgesine 5 korumas\u0131yla geldi\u011fini, d\u00fcn saat 14:30 sular\u0131nda 5 korumas\u0131yla birlikte arabayla hareket ederken Rusya&#8217;n\u0131n hava sald\u0131r\u0131s\u0131 sonucu \u00f6ld\u00fcr\u00fcld\u00fc\u011f\u00fcn\u00fc kaydetti.<\/p>\n<p>ABD Savunma Bakanl\u0131\u011f\u0131 S\u00f6zc\u00fcs\u00fc Peter Cook ise Adnani&#8217;nin \u00f6ld\u00fcr\u00fcld\u00fc\u011f\u00fc a\u00e7\u0131klanan yerin yak\u0131n\u0131ndaki El Bab&#8217;da ayn\u0131 g\u00fcn koalisyon u\u00e7aklar\u0131n\u0131n hava sald\u0131r\u0131s\u0131 d\u00fczenledi\u011fini a\u00e7\u0131klam\u0131\u015f ancak Adnani&#8217;nin bu sald\u0131r\u0131da \u00f6ld\u00fcr\u00fcld\u00fc\u011f\u00fcne dair kesin bir do\u011frulamada bulunmam\u0131\u015ft\u0131.<\/p>\n","protected":false},"excerpt":{"rendered":"<p>MOSKOVA \u2013 Rusya Savunma Bakanl\u0131\u011f\u0131, I\u015e\u0130D&#8217;in iki numaral\u0131 ismi olan \u2018Ebu Muhammed el Adnani\u2019nin Rus hava g\u00fc\u00e7lerinin Halep yak\u0131nlar\u0131nda d\u00fczenledi\u011fi bir hava operasyonunda \u00f6ld\u00fcr\u00fcld\u00fc\u011f\u00fcn\u00fc belirtti. Rus bakanl\u0131ktan yap\u0131lan a\u00e7\u0131klamada, Rus Su-34 u\u00e7aklar\u0131n\u0131n Suriye&#8217;nin Halep Kenti yak\u0131nlar\u0131ndaki Maarrat Um Hav\u015f B\u00f6lgesinde d\u00fczenledi\u011fi operasyonda 40 militandan olu\u015fan bir grubun tamamen etkisiz hale getirildi\u011fini kaydetti. Operasyonda \u00f6lenler aras\u0131nda &hellip;<\/p>\n","protected":false},"author":1,"featured_media":63066,"comment_status":"closed","ping_status":"closed","sticky":false,"template":"","format":"standard","meta":{"footnotes":""},"categories":[458,459,17988],"tags":[23601],"class_list":["post-85897","post","type-post","status-publish","format-standard","has-post-thumbnail","","category-dunya1","category-haberler-arap-uluslararasi-politika","category-son-haberler","tag-adnani-rus-hava-guclerinin-operasyonuyla-olduruldu"],"_links":{"self":[{"href":"https:\/\/archive.sana.sy\/tr\/index.php?rest_route=\/wp\/v2\/posts\/85897","targetHints":{"allow":["GET"]}}],"collection":[{"href":"https:\/\/archive.sana.sy\/tr\/index.php?rest_route=\/wp\/v2\/posts"}],"about":[{"href":"https:\/\/archive.sana.sy\/tr\/index.php?rest_route=\/wp\/v2\/types\/post"}],"author":[{"embeddable":true,"href":"https:\/\/archive.sana.sy\/tr\/index.php?rest_route=\/wp\/v2\/users\/1"}],"replies":[{"embeddable":true,"href":"https:\/\/archive.sana.sy\/tr\/index.php?rest_route=%2Fwp%2Fv2%2Fcomments&post=85897"}],"version-history":[{"count":0,"href":"https:\/\/archive.sana.sy\/tr\/index.php?rest_route=\/wp\/v2\/posts\/85897\/revisions"}],"wp:featuredmedia":[{"embeddable":true,"href":"https:\/\/archive.sana.sy\/tr\/index.php?rest_route=\/wp\/v2\/media\/63066"}],"wp:attachment":[{"href":"https:\/\/archive.sana.sy\/tr\/index.php?rest_route=%2Fwp%2Fv2%2Fmedia&parent=85897"}],"wp:term":[{"taxonomy":"category","embeddable":true,"href":"https:\/\/archive.sana.sy\/tr\/index.php?rest_route=%2Fwp%2Fv2%2Fcategories&post=85897"},{"taxonomy":"post_tag","embeddable":true,"href":"https:\/\/archive.sana.sy\/tr\/index.php?rest_route=%2Fwp%2Fv2%2Ftags&post=85897"}],"curies":[{"name":"wp","href":"https:\/\/api.w.org\/{rel}","templated":true}]}}