{"id":85905,"date":"2016-08-31T11:55:15","date_gmt":"2016-08-31T08:55:15","guid":{"rendered":"http:\/\/www.sana.sy\/tr\/?p=85905"},"modified":"2016-09-01T11:04:50","modified_gmt":"2016-09-01T08:04:50","slug":"rusya-ve-iran-suriyeye-dayatmalara-izin-vermeyecek","status":"publish","type":"post","link":"https:\/\/archive.sana.sy\/tr\/?p=85905","title":{"rendered":"Rusya ve \u0130ran Suriye&#8217;ye Dayatmalara \u0130zin Vermeyecek"},"content":{"rendered":"<p>TAHRAN \u2013 \u0130ran \u015eura Meclisinde Milli G\u00fcvenlik ve D\u0131\u015f Politika Komitesi Ba\u015fkan\u0131 Alauddin Brojerdi Rusya ve \u0130ran\u2019\u0131n Suriye halk\u0131n\u0131n iradesi ve me\u015fru h\u00fck\u00fcmetine desteklerini s\u00fcrd\u00fcreceklerini bir kez daha vurgulad\u0131.<\/p>\n<p>Brojerdi \u0130ranl\u0131 Vifak Gazetesine bug\u00fcn yapt\u0131\u011f\u0131 a\u00e7\u0131klamada; Rusya ve \u0130ran\u2019\u0131n Suriye&#8217;ye d\u0131\u015f dayatmalar\u0131n yap\u0131lmas\u0131na izin vermeyeceklerini kaydetti.<\/p>\n<p>Suriye&#8217;de ter\u00f6re kar\u015f\u0131 operasyonda bulunacak herhangi bir devletin Suriye h\u00fck\u00fcmeti ile koordinasyon i\u00e7inde olmas\u0131 gere\u011finin alt\u0131n\u0131 \u00e7izen Brojerdi; \u00f6yle ki Suriye&#8217;nin BM\u2019de \u00fcye olan egemen bir devlet oldu\u011funu vurgulad\u0131.<\/p>\n<p>Brojerdi T\u00fcrkiye&#8217;nin Suriye&#8217;de destekledi\u011fi ter\u00f6ristlerle kar\u015f\u0131 kar\u015f\u0131ya oldu\u011funa dikkat \u00e7ekerken, ter\u00f6r\u00fc destekleyen devletlerin bu ter\u00f6r nedeniyle g\u00fcvenlik sorunlar\u0131 ya\u015famaya ba\u015flad\u0131klar\u0131na i\u015faret etti.<\/p>\n<p>ABD ve siyonist \u0130srail&#8217;in b\u00f6lgedeki planlar\u0131n\u0131n temel hedeflerinden birinin \u0130ran oldu\u011funa dikkat \u00e7eken Brojerdi; bu ba\u011flamda Suriye ve Irak\u2019ta s\u00f6z konusu planlar\u0131n \u00f6n\u00fcne ge\u00e7ildi\u011fini s\u00f6yledi.<\/p>\n","protected":false},"excerpt":{"rendered":"<p>TAHRAN \u2013 \u0130ran \u015eura Meclisinde Milli G\u00fcvenlik ve D\u0131\u015f Politika Komitesi Ba\u015fkan\u0131 Alauddin Brojerdi Rusya ve \u0130ran\u2019\u0131n Suriye halk\u0131n\u0131n iradesi ve me\u015fru h\u00fck\u00fcmetine desteklerini s\u00fcrd\u00fcreceklerini bir kez daha vurgulad\u0131. Brojerdi \u0130ranl\u0131 Vifak Gazetesine bug\u00fcn yapt\u0131\u011f\u0131 a\u00e7\u0131klamada; Rusya ve \u0130ran\u2019\u0131n Suriye&#8217;ye d\u0131\u015f dayatmalar\u0131n yap\u0131lmas\u0131na izin vermeyeceklerini kaydetti. Suriye&#8217;de ter\u00f6re kar\u015f\u0131 operasyonda bulunacak herhangi bir devletin Suriye &hellip;<\/p>\n","protected":false},"author":1,"featured_media":85906,"comment_status":"closed","ping_status":"closed","sticky":false,"template":"","format":"standard","meta":{"footnotes":""},"categories":[458,459,17988],"tags":[22913,23603],"class_list":["post-85905","post","type-post","status-publish","format-standard","has-post-thumbnail","","category-dunya1","category-haberler-arap-uluslararasi-politika","category-son-haberler","tag-iran-sura-meclisinde-milli-guvenlik-ve-dis-politika-komitesi-baskani-alauddin-brojerdi","tag-rusya-ve-iran-suriyeye-dayatmalara-izin-vermeyecek"],"_links":{"self":[{"href":"https:\/\/archive.sana.sy\/tr\/index.php?rest_route=\/wp\/v2\/posts\/85905","targetHints":{"allow":["GET"]}}],"collection":[{"href":"https:\/\/archive.sana.sy\/tr\/index.php?rest_route=\/wp\/v2\/posts"}],"about":[{"href":"https:\/\/archive.sana.sy\/tr\/index.php?rest_route=\/wp\/v2\/types\/post"}],"author":[{"embeddable":true,"href":"https:\/\/archive.sana.sy\/tr\/index.php?rest_route=\/wp\/v2\/users\/1"}],"replies":[{"embeddable":true,"href":"https:\/\/archive.sana.sy\/tr\/index.php?rest_route=%2Fwp%2Fv2%2Fcomments&post=85905"}],"version-history":[{"count":0,"href":"https:\/\/archive.sana.sy\/tr\/index.php?rest_route=\/wp\/v2\/posts\/85905\/revisions"}],"wp:featuredmedia":[{"embeddable":true,"href":"https:\/\/archive.sana.sy\/tr\/index.php?rest_route=\/wp\/v2\/media\/85906"}],"wp:attachment":[{"href":"https:\/\/archive.sana.sy\/tr\/index.php?rest_route=%2Fwp%2Fv2%2Fmedia&parent=85905"}],"wp:term":[{"taxonomy":"category","embeddable":true,"href":"https:\/\/archive.sana.sy\/tr\/index.php?rest_route=%2Fwp%2Fv2%2Fcategories&post=85905"},{"taxonomy":"post_tag","embeddable":true,"href":"https:\/\/archive.sana.sy\/tr\/index.php?rest_route=%2Fwp%2Fv2%2Ftags&post=85905"}],"curies":[{"name":"wp","href":"https:\/\/api.w.org\/{rel}","templated":true}]}}