{"id":85910,"date":"2016-08-31T16:16:43","date_gmt":"2016-08-31T13:16:43","guid":{"rendered":"http:\/\/www.sana.sy\/tr\/?p=85910"},"modified":"2016-09-01T15:55:34","modified_gmt":"2016-09-01T12:55:34","slug":"abbas-ulusal-guvenlik-komisyonu-ile-oturum-duzenledi","status":"publish","type":"post","link":"https:\/\/archive.sana.sy\/tr\/?p=85910","title":{"rendered":"Abbas Ulusal G\u00fcvenlik Komisyonu ile Oturum D\u00fczenledi"},"content":{"rendered":"<p>\u015eAM \u2013 Halk Meclisi Ba\u015fkan\u0131 Hediye Abbas Halk Meclisinde Ulusal G\u00fcvenlik Komisyonu ile toplant\u0131s\u0131nda bu komisyonun rol\u00fcn\u00fc etkinle\u015ftirme ve \u00e7al\u0131\u015fma mekanizmas\u0131n\u0131 geli\u015ftirme \u00f6neminin alt\u0131n\u0131 \u00e7izdi.<\/p>\n<p><a href=\"http:\/\/www.sana.sy\/tr\/wp-content\/uploads\/2016\/08\/Abbas-2-1.jpg\"><img loading=\"lazy\" decoding=\"async\" class=\"alignright wp-image-85915 size-medium\" src=\"http:\/\/www.sana.sy\/tr\/wp-content\/uploads\/2016\/08\/Abbas-2-1-300x188.jpg\" alt=\"Abbas 2\" width=\"300\" height=\"188\" srcset=\"https:\/\/archive.sana.sy\/tr\/wp-content\/uploads\/2016\/08\/Abbas-2-1-300x188.jpg 300w, https:\/\/archive.sana.sy\/tr\/wp-content\/uploads\/2016\/08\/Abbas-2-1-150x94.jpg 150w, https:\/\/archive.sana.sy\/tr\/wp-content\/uploads\/2016\/08\/Abbas-2-1-768x481.jpg 768w, https:\/\/archive.sana.sy\/tr\/wp-content\/uploads\/2016\/08\/Abbas-2-1-1024x642.jpg 1024w\" sizes=\"auto, (max-width: 300px) 100vw, 300px\" \/><\/a>Komisyon \u00e7al\u0131\u015fmalar\u0131 ve i\u015f mekanizmas\u0131n\u0131n g\u00fcndeme getirildi\u011fi toplant\u0131da komisyonun \u00fcst\u00fcne d\u00fc\u015fen misyonu en iyi \u015fekilde yerine getirme ve d\u00fcnya \u00fclkelerinde mevkida\u015flar\u0131 komisyonlar\u0131n \u00e7al\u0131\u015fmalar\u0131na ayak uydurmas\u0131 \u00f6nemini ifade etti. Abbas komisyonun kendi alan\u0131nda d\u00fc\u015fen meselelerin \u00e7\u00f6z\u00fcm\u00fcnde ilgili kurumlarla i\u015fbirli\u011fi i\u00e7inde entegreli olarak \u00e7al\u0131\u015fmas\u0131, bu meselelerin \u00e7\u00f6z\u00fcm\u00fcnde \u00f6neri ve \u00e7\u00f6z\u00fcm mekanizmalar\u0131 takdim etmesi \u00e7a\u011f\u0131r\u0131s\u0131nda bulundu.<\/p>\n<p>Komisyon Ba\u015fkan\u0131 Faysal Huri ise komisyonun, \u00e7al\u0131\u015fmalar\u0131n\u0131 geli\u015ftirme ve ilgili kurumlarla ba\u011flant\u0131lar\u0131n\u0131 geli\u015ftirme amac\u0131yla daha \u00f6nce tart\u0131\u015f\u0131lan \u00f6neri ve tavsiyeleri g\u00f6z \u00f6n\u00fcnde bulundurarak \u00e7al\u0131\u015fmalar\u0131n\u0131 s\u00fcrd\u00fcrd\u00fc\u011f\u00fcn\u00fc s\u00f6yledi.<\/p>\n<p>Meclis Ba\u015fkan\u0131 Abbas meclis i\u00e7inde bulunan daimi komisyonlar\u0131n \u00e7al\u0131\u015fmalar\u0131n\u0131 geli\u015ftirmeleri ve mevcut ko\u015fullara entegre sa\u011flamalar\u0131 amac\u0131yla t\u00fcm komisyonlarla ayr\u0131 ayr\u0131 oturumlar d\u00fczenliyor.<\/p>\n","protected":false},"excerpt":{"rendered":"<p>\u015eAM \u2013 Halk Meclisi Ba\u015fkan\u0131 Hediye Abbas Halk Meclisinde Ulusal G\u00fcvenlik Komisyonu ile toplant\u0131s\u0131nda bu komisyonun rol\u00fcn\u00fc etkinle\u015ftirme ve \u00e7al\u0131\u015fma mekanizmas\u0131n\u0131 geli\u015ftirme \u00f6neminin alt\u0131n\u0131 \u00e7izdi. Komisyon \u00e7al\u0131\u015fmalar\u0131 ve i\u015f mekanizmas\u0131n\u0131n g\u00fcndeme getirildi\u011fi toplant\u0131da komisyonun \u00fcst\u00fcne d\u00fc\u015fen misyonu en iyi \u015fekilde yerine getirme ve d\u00fcnya \u00fclkelerinde mevkida\u015flar\u0131 komisyonlar\u0131n \u00e7al\u0131\u015fmalar\u0131na ayak uydurmas\u0131 \u00f6nemini ifade etti. Abbas komisyonun &hellip;<\/p>\n","protected":false},"author":1,"featured_media":85913,"comment_status":"closed","ping_status":"closed","sticky":false,"template":"","format":"standard","meta":{"footnotes":""},"categories":[458,479,459,17988,478],"tags":[23604],"class_list":["post-85910","post","type-post","status-publish","format-standard","has-post-thumbnail","","category-dunya1","category-haberler-yerel","category-haberler-arap-uluslararasi-politika","category-son-haberler","category-yerel","tag-abbas-ulusal-guvenlik-komisyonu-ile-oturum-duzenledi"],"_links":{"self":[{"href":"https:\/\/archive.sana.sy\/tr\/index.php?rest_route=\/wp\/v2\/posts\/85910","targetHints":{"allow":["GET"]}}],"collection":[{"href":"https:\/\/archive.sana.sy\/tr\/index.php?rest_route=\/wp\/v2\/posts"}],"about":[{"href":"https:\/\/archive.sana.sy\/tr\/index.php?rest_route=\/wp\/v2\/types\/post"}],"author":[{"embeddable":true,"href":"https:\/\/archive.sana.sy\/tr\/index.php?rest_route=\/wp\/v2\/users\/1"}],"replies":[{"embeddable":true,"href":"https:\/\/archive.sana.sy\/tr\/index.php?rest_route=%2Fwp%2Fv2%2Fcomments&post=85910"}],"version-history":[{"count":0,"href":"https:\/\/archive.sana.sy\/tr\/index.php?rest_route=\/wp\/v2\/posts\/85910\/revisions"}],"wp:featuredmedia":[{"embeddable":true,"href":"https:\/\/archive.sana.sy\/tr\/index.php?rest_route=\/wp\/v2\/media\/85913"}],"wp:attachment":[{"href":"https:\/\/archive.sana.sy\/tr\/index.php?rest_route=%2Fwp%2Fv2%2Fmedia&parent=85910"}],"wp:term":[{"taxonomy":"category","embeddable":true,"href":"https:\/\/archive.sana.sy\/tr\/index.php?rest_route=%2Fwp%2Fv2%2Fcategories&post=85910"},{"taxonomy":"post_tag","embeddable":true,"href":"https:\/\/archive.sana.sy\/tr\/index.php?rest_route=%2Fwp%2Fv2%2Ftags&post=85910"}],"curies":[{"name":"wp","href":"https:\/\/api.w.org\/{rel}","templated":true}]}}