{"id":85911,"date":"2016-08-31T16:32:36","date_gmt":"2016-08-31T13:32:36","guid":{"rendered":"http:\/\/www.sana.sy\/tr\/?p=85911"},"modified":"2016-09-01T15:55:41","modified_gmt":"2016-09-01T12:55:41","slug":"isci-tabakasinin-onemini-vurguladi","status":"publish","type":"post","link":"https:\/\/archive.sana.sy\/tr\/?p=85911","title":{"rendered":"\u0130\u015f\u00e7i Tabakas\u0131n\u0131n \u00d6nemini Vurgulad\u0131"},"content":{"rendered":"<p>\u015eAM \u2013 Ba\u015fbakan \u0130mad Hamis bug\u00fcn Uluslararas\u0131 Arap \u0130\u015f\u00e7i Sendikalar\u0131 Federasyonu ba\u015fkan ve y\u00f6netim kurulu \u00fcyeleri ile bir araya gelirken, milli davalar\u0131 savunma ve halk\u0131n direni\u015fini peki\u015ftirme gereksinimlerinin temininde i\u015f\u00e7i tabakas\u0131n\u0131n \u00f6nemini vurgulad\u0131.<\/p>\n<p>Hamis Uluslararas\u0131 Arap \u0130\u015f\u00e7i Federasyonunun milli davalar\u0131 destekleyen ilkeli tutumuyla b\u00f6lge halklar\u0131n\u0131 hedef alan d\u0131\u015f planlara kar\u015f\u0131 m\u00fccadeleyle tutunan en \u00f6nemli Arap \u00f6rg\u00fctlerden biri say\u0131ld\u0131\u011f\u0131na dikkat \u00e7ekti.<\/p>\n<p><a href=\"http:\/\/www.sana.sy\/tr\/wp-content\/uploads\/2016\/08\/Hamis-2-1.jpg\"><img loading=\"lazy\" decoding=\"async\" class=\"alignright wp-image-85920 size-medium\" src=\"http:\/\/www.sana.sy\/tr\/wp-content\/uploads\/2016\/08\/Hamis-2-1-300x188.jpg\" alt=\"Hamis 2\" width=\"300\" height=\"188\" srcset=\"https:\/\/archive.sana.sy\/tr\/wp-content\/uploads\/2016\/08\/Hamis-2-1-300x188.jpg 300w, https:\/\/archive.sana.sy\/tr\/wp-content\/uploads\/2016\/08\/Hamis-2-1-150x94.jpg 150w, https:\/\/archive.sana.sy\/tr\/wp-content\/uploads\/2016\/08\/Hamis-2-1-768x481.jpg 768w, https:\/\/archive.sana.sy\/tr\/wp-content\/uploads\/2016\/08\/Hamis-2-1-1024x642.jpg 1024w\" sizes=\"auto, (max-width: 300px) 100vw, 300px\" \/><\/a>Suriye&#8217;nin Cumhurba\u015fkan\u0131 Be\u015f\u015far el Esad\u2019\u0131n y\u00f6netimi ve kahraman Suriye ordusunun yi\u011fitli\u011fi ile ter\u00f6re kar\u015f\u0131 m\u00fccadelesini sonuna dek s\u00fcrd\u00fcrme kararl\u0131l\u0131\u011f\u0131nda oldu\u011funun alt\u0131n\u0131 \u00e7izen Hamis; Suriye&#8217;nin halk\u0131, ordusu ve h\u00fck\u00fcmetiyle ekonomik, siyasi ve askeri komplolar\u0131 \u00e7\u00f6kertece\u011fini kaydetti.<\/p>\n<p>Hamis \u00f6zellikle bu s\u00fcre\u00e7 i\u00e7inde federasyonun i\u015f\u00e7i tabakas\u0131n\u0131 ya\u015fananlar\u0131n ger\u00e7e\u011fi konusunda bilin\u00e7lendirmesi ve milli davalar\u0131 savunma bilincini peki\u015ftirmesi misyonu kapsam\u0131nda \u00e7al\u0131\u015fmalar\u0131n\u0131 yo\u011funla\u015ft\u0131rmas\u0131 \u00f6nemine vurgu yapt\u0131.<\/p>\n<p>Federasyon Genel Sekreteri Gassan G\u0131s\u0131n ise d\u0131\u015f planlar\u0131n b\u00f6lge halklar\u0131n\u0131n tamam\u0131n\u0131 hedef ald\u0131\u011f\u0131n\u0131 ifade ederken, bu planlardan paylar\u0131n\u0131 alan i\u015f\u00e7ilerin ise t\u00fcm b\u00f6lge i\u00e7inde saflar\u0131n\u0131 birle\u015ftirmekle birlikte ekonomik ve sosyal b\u00fct\u00fcnle\u015fmeyi sa\u011flama \u00e7abas\u0131nda olduklar\u0131n\u0131 kaydetti.<\/p>\n<p>G\u0131s\u0131n Suriye&#8217;nin her daim Araplar\u0131n atar damar\u0131, kalkan\u0131 ve kalesi oldu\u011funu ifade ederek, maruz kald\u0131\u011f\u0131 ter\u00f6r ve d\u00fc\u015fmanc\u0131 planlara zafer kazanaca\u011f\u0131ndan ku\u015fkusu olmad\u0131\u011f\u0131n\u0131 s\u00f6yledi.<\/p>\n","protected":false},"excerpt":{"rendered":"<p>\u015eAM \u2013 Ba\u015fbakan \u0130mad Hamis bug\u00fcn Uluslararas\u0131 Arap \u0130\u015f\u00e7i Sendikalar\u0131 Federasyonu ba\u015fkan ve y\u00f6netim kurulu \u00fcyeleri ile bir araya gelirken, milli davalar\u0131 savunma ve halk\u0131n direni\u015fini peki\u015ftirme gereksinimlerinin temininde i\u015f\u00e7i tabakas\u0131n\u0131n \u00f6nemini vurgulad\u0131. Hamis Uluslararas\u0131 Arap \u0130\u015f\u00e7i Federasyonunun milli davalar\u0131 destekleyen ilkeli tutumuyla b\u00f6lge halklar\u0131n\u0131 hedef alan d\u0131\u015f planlara kar\u015f\u0131 m\u00fccadeleyle tutunan en \u00f6nemli Arap &hellip;<\/p>\n","protected":false},"author":1,"featured_media":85924,"comment_status":"closed","ping_status":"closed","sticky":false,"template":"","format":"standard","meta":{"footnotes":""},"categories":[479,17988,478],"tags":[23605],"class_list":["post-85911","post","type-post","status-publish","format-standard","has-post-thumbnail","","category-haberler-yerel","category-son-haberler","category-yerel","tag-isci-tabakasinin-onemini-vurguladi"],"_links":{"self":[{"href":"https:\/\/archive.sana.sy\/tr\/index.php?rest_route=\/wp\/v2\/posts\/85911","targetHints":{"allow":["GET"]}}],"collection":[{"href":"https:\/\/archive.sana.sy\/tr\/index.php?rest_route=\/wp\/v2\/posts"}],"about":[{"href":"https:\/\/archive.sana.sy\/tr\/index.php?rest_route=\/wp\/v2\/types\/post"}],"author":[{"embeddable":true,"href":"https:\/\/archive.sana.sy\/tr\/index.php?rest_route=\/wp\/v2\/users\/1"}],"replies":[{"embeddable":true,"href":"https:\/\/archive.sana.sy\/tr\/index.php?rest_route=%2Fwp%2Fv2%2Fcomments&post=85911"}],"version-history":[{"count":0,"href":"https:\/\/archive.sana.sy\/tr\/index.php?rest_route=\/wp\/v2\/posts\/85911\/revisions"}],"wp:featuredmedia":[{"embeddable":true,"href":"https:\/\/archive.sana.sy\/tr\/index.php?rest_route=\/wp\/v2\/media\/85924"}],"wp:attachment":[{"href":"https:\/\/archive.sana.sy\/tr\/index.php?rest_route=%2Fwp%2Fv2%2Fmedia&parent=85911"}],"wp:term":[{"taxonomy":"category","embeddable":true,"href":"https:\/\/archive.sana.sy\/tr\/index.php?rest_route=%2Fwp%2Fv2%2Fcategories&post=85911"},{"taxonomy":"post_tag","embeddable":true,"href":"https:\/\/archive.sana.sy\/tr\/index.php?rest_route=%2Fwp%2Fv2%2Ftags&post=85911"}],"curies":[{"name":"wp","href":"https:\/\/api.w.org\/{rel}","templated":true}]}}