{"id":85964,"date":"2016-09-01T08:32:45","date_gmt":"2016-09-01T05:32:45","guid":{"rendered":"http:\/\/www.sana.sy\/tr\/?p=85964"},"modified":"2016-09-01T13:16:58","modified_gmt":"2016-09-01T10:16:58","slug":"askeri-kaynak-sanaya-aciklamasinda-hava-guclerimizin-hama-kirsalinin-soran-ve-buvvayda-bolgelerinin-civarlarina-ek-olarak-taybat-el-imam-ve-morik-bolgelerinde-teroristlerin-toplanma-yerleri-v","status":"publish","type":"post","link":"https:\/\/archive.sana.sy\/tr\/?p=85964","title":{"rendered":"Askeri kaynak SANA\u2019ya a\u00e7\u0131klamas\u0131nda hava g\u00fc\u00e7lerimizin Hama k\u0131rsal\u0131n\u0131n Soran ve Buvvayda b\u00f6lgelerinin civarlar\u0131na ek olarak Taybat el \u0130mam ve Morik b\u00f6lgelerinde ter\u00f6ristlerin toplanma yerleri ve hareketlenmelerini yo\u011fun ate\u015fe tuttuklar\u0131n\u0131 kaydetti."},"content":{"rendered":"<p>Askeri kaynak SANA\u2019ya a\u00e7\u0131klamas\u0131nda hava g\u00fc\u00e7lerimizin Hama k\u0131rsal\u0131n\u0131n Soran ve Buvvayda b\u00f6lgelerinin civarlar\u0131na ek olarak Taybat el \u0130mam ve Morik b\u00f6lgelerinde ter\u00f6ristlerin toplanma yerleri ve hareketlenmelerini yo\u011fun ate\u015fe tuttuklar\u0131n\u0131 kaydetti.<\/p>\n","protected":false},"excerpt":{"rendered":"<p>Askeri kaynak SANA\u2019ya a\u00e7\u0131klamas\u0131nda hava g\u00fc\u00e7lerimizin Hama k\u0131rsal\u0131n\u0131n Soran ve Buvvayda b\u00f6lgelerinin civarlar\u0131na ek olarak Taybat el \u0130mam ve Morik b\u00f6lgelerinde ter\u00f6ristlerin toplanma yerleri ve hareketlenmelerini yo\u011fun ate\u015fe tuttuklar\u0131n\u0131 kaydetti.<\/p>\n","protected":false},"author":1,"featured_media":0,"comment_status":"closed","ping_status":"closed","sticky":false,"template":"","format":"standard","meta":{"footnotes":""},"categories":[17991],"tags":[],"class_list":["post-85964","post","type-post","status-publish","format-standard","","category-son-dakika"],"_links":{"self":[{"href":"https:\/\/archive.sana.sy\/tr\/index.php?rest_route=\/wp\/v2\/posts\/85964","targetHints":{"allow":["GET"]}}],"collection":[{"href":"https:\/\/archive.sana.sy\/tr\/index.php?rest_route=\/wp\/v2\/posts"}],"about":[{"href":"https:\/\/archive.sana.sy\/tr\/index.php?rest_route=\/wp\/v2\/types\/post"}],"author":[{"embeddable":true,"href":"https:\/\/archive.sana.sy\/tr\/index.php?rest_route=\/wp\/v2\/users\/1"}],"replies":[{"embeddable":true,"href":"https:\/\/archive.sana.sy\/tr\/index.php?rest_route=%2Fwp%2Fv2%2Fcomments&post=85964"}],"version-history":[{"count":0,"href":"https:\/\/archive.sana.sy\/tr\/index.php?rest_route=\/wp\/v2\/posts\/85964\/revisions"}],"wp:attachment":[{"href":"https:\/\/archive.sana.sy\/tr\/index.php?rest_route=%2Fwp%2Fv2%2Fmedia&parent=85964"}],"wp:term":[{"taxonomy":"category","embeddable":true,"href":"https:\/\/archive.sana.sy\/tr\/index.php?rest_route=%2Fwp%2Fv2%2Fcategories&post=85964"},{"taxonomy":"post_tag","embeddable":true,"href":"https:\/\/archive.sana.sy\/tr\/index.php?rest_route=%2Fwp%2Fv2%2Ftags&post=85964"}],"curies":[{"name":"wp","href":"https:\/\/api.w.org\/{rel}","templated":true}]}}