{"id":85966,"date":"2016-09-01T09:12:46","date_gmt":"2016-09-01T06:12:46","guid":{"rendered":"http:\/\/www.sana.sy\/tr\/?p=85966"},"modified":"2016-09-01T13:17:48","modified_gmt":"2016-09-01T10:17:48","slug":"askeri-kaynak-sanaya-aciklamasinda-hava-guclerimizin-halep-kirsalinin-kefar-hamra-bolgesinde-teror-orgutlere-ait-bircok-yuvanin-yani-sira-han-toman-ekseninde-terorist-ve-cephane-yuklu-bir-ara","status":"publish","type":"post","link":"https:\/\/archive.sana.sy\/tr\/?p=85966","title":{"rendered":"Askeri Kaynak SANA\u2019ya a\u00e7\u0131klamas\u0131nda hava g\u00fc\u00e7lerimizin Halep k\u0131rsal\u0131n\u0131n Kefar Hamra B\u00f6lgesinde ter\u00f6r \u00f6rg\u00fctlere ait bir\u00e7ok yuvan\u0131n yan\u0131 s\u0131ra Han Toman ekseninde ter\u00f6rist ve cephane y\u00fckl\u00fc bir ara\u00e7 konvoyunu tamamen imha ettiklerini aktard\u0131"},"content":{"rendered":"<p>Askeri Kaynak SANA\u2019ya a\u00e7\u0131klamas\u0131nda hava g\u00fc\u00e7lerimizin Halep k\u0131rsal\u0131n\u0131n Kefar Hamra B\u00f6lgesinde ter\u00f6r \u00f6rg\u00fctlere ait bir\u00e7ok yuvan\u0131n yan\u0131 s\u0131ra Han Toman ekseninde ter\u00f6rist ve cephane y\u00fckl\u00fc bir ara\u00e7 konvoyunu tamamen imha ettiklerini aktard\u0131<\/p>\n","protected":false},"excerpt":{"rendered":"<p>Askeri Kaynak SANA\u2019ya a\u00e7\u0131klamas\u0131nda hava g\u00fc\u00e7lerimizin Halep k\u0131rsal\u0131n\u0131n Kefar Hamra B\u00f6lgesinde ter\u00f6r \u00f6rg\u00fctlere ait bir\u00e7ok yuvan\u0131n yan\u0131 s\u0131ra Han Toman ekseninde ter\u00f6rist ve cephane y\u00fckl\u00fc bir ara\u00e7 konvoyunu tamamen imha ettiklerini aktard\u0131<\/p>\n","protected":false},"author":1,"featured_media":0,"comment_status":"closed","ping_status":"closed","sticky":false,"template":"","format":"standard","meta":{"footnotes":""},"categories":[17991],"tags":[],"class_list":["post-85966","post","type-post","status-publish","format-standard","","category-son-dakika"],"_links":{"self":[{"href":"https:\/\/archive.sana.sy\/tr\/index.php?rest_route=\/wp\/v2\/posts\/85966","targetHints":{"allow":["GET"]}}],"collection":[{"href":"https:\/\/archive.sana.sy\/tr\/index.php?rest_route=\/wp\/v2\/posts"}],"about":[{"href":"https:\/\/archive.sana.sy\/tr\/index.php?rest_route=\/wp\/v2\/types\/post"}],"author":[{"embeddable":true,"href":"https:\/\/archive.sana.sy\/tr\/index.php?rest_route=\/wp\/v2\/users\/1"}],"replies":[{"embeddable":true,"href":"https:\/\/archive.sana.sy\/tr\/index.php?rest_route=%2Fwp%2Fv2%2Fcomments&post=85966"}],"version-history":[{"count":0,"href":"https:\/\/archive.sana.sy\/tr\/index.php?rest_route=\/wp\/v2\/posts\/85966\/revisions"}],"wp:attachment":[{"href":"https:\/\/archive.sana.sy\/tr\/index.php?rest_route=%2Fwp%2Fv2%2Fmedia&parent=85966"}],"wp:term":[{"taxonomy":"category","embeddable":true,"href":"https:\/\/archive.sana.sy\/tr\/index.php?rest_route=%2Fwp%2Fv2%2Fcategories&post=85966"},{"taxonomy":"post_tag","embeddable":true,"href":"https:\/\/archive.sana.sy\/tr\/index.php?rest_route=%2Fwp%2Fv2%2Ftags&post=85966"}],"curies":[{"name":"wp","href":"https:\/\/api.w.org\/{rel}","templated":true}]}}