{"id":85985,"date":"2016-09-01T09:00:14","date_gmt":"2016-09-01T06:00:14","guid":{"rendered":"http:\/\/www.sana.sy\/tr\/?p=85985"},"modified":"2016-09-01T13:30:35","modified_gmt":"2016-09-01T10:30:35","slug":"gunesin-cocuklari-ordu-sehitleri-ve-yarali-askerlerimizin-cocuklarina-destek-amacli-olarak-semahir-el-durra-okulunda-sanatsal-ve-eglence-faaliyetlerini-surduruyor","status":"publish","type":"post","link":"https:\/\/archive.sana.sy\/tr\/?p=85985","title":{"rendered":"G\u00fcne\u015fin \u00c7ocuklar\u0131 ordu \u015fehitleri ve yaral\u0131 askerlerimizin \u00e7ocuklar\u0131na destek ama\u00e7l\u0131 olarak Semahir el Durra Okulunda sanatsal ve e\u011flence faaliyetlerini s\u00fcrd\u00fcr\u00fcyor"},"content":{"rendered":"<p>G\u00fcne\u015fin \u00c7ocuklar\u0131 ordu \u015fehitleri ve yaral\u0131 askerlerimizin \u00e7ocuklar\u0131na destek ama\u00e7l\u0131 olarak Semahir el Durra Okulunda sanatsal ve e\u011flence faaliyetlerini s\u00fcrd\u00fcr\u00fcyor<\/p>\n<p>https:\/\/youtu.be\/YWwFzbpV_Qw<\/p>\n<p>R.H.<\/p>\n","protected":false},"excerpt":{"rendered":"<p>G\u00fcne\u015fin \u00c7ocuklar\u0131 ordu \u015fehitleri ve yaral\u0131 askerlerimizin \u00e7ocuklar\u0131na destek ama\u00e7l\u0131 olarak Semahir el Durra Okulunda sanatsal ve e\u011flence faaliyetlerini s\u00fcrd\u00fcr\u00fcyor https:\/\/youtu.be\/YWwFzbpV_Qw R.H.<\/p>\n","protected":false},"author":1,"featured_media":85988,"comment_status":"closed","ping_status":"closed","sticky":false,"template":"","format":"standard","meta":{"footnotes":""},"categories":[18295],"tags":[23617],"class_list":["post-85985","post","type-post","status-publish","format-standard","has-post-thumbnail","","category-sana-video","tag-gunesin-cocuklari-ordu-sehitleri-ve-yarali-askerlerimizin-cocuklarina-destek-amacli-olarak-semahir-el-durra-okulunda-sanatsal-ve-eglence-faaliyetlerini-surduruyor"],"_links":{"self":[{"href":"https:\/\/archive.sana.sy\/tr\/index.php?rest_route=\/wp\/v2\/posts\/85985","targetHints":{"allow":["GET"]}}],"collection":[{"href":"https:\/\/archive.sana.sy\/tr\/index.php?rest_route=\/wp\/v2\/posts"}],"about":[{"href":"https:\/\/archive.sana.sy\/tr\/index.php?rest_route=\/wp\/v2\/types\/post"}],"author":[{"embeddable":true,"href":"https:\/\/archive.sana.sy\/tr\/index.php?rest_route=\/wp\/v2\/users\/1"}],"replies":[{"embeddable":true,"href":"https:\/\/archive.sana.sy\/tr\/index.php?rest_route=%2Fwp%2Fv2%2Fcomments&post=85985"}],"version-history":[{"count":0,"href":"https:\/\/archive.sana.sy\/tr\/index.php?rest_route=\/wp\/v2\/posts\/85985\/revisions"}],"wp:featuredmedia":[{"embeddable":true,"href":"https:\/\/archive.sana.sy\/tr\/index.php?rest_route=\/wp\/v2\/media\/85988"}],"wp:attachment":[{"href":"https:\/\/archive.sana.sy\/tr\/index.php?rest_route=%2Fwp%2Fv2%2Fmedia&parent=85985"}],"wp:term":[{"taxonomy":"category","embeddable":true,"href":"https:\/\/archive.sana.sy\/tr\/index.php?rest_route=%2Fwp%2Fv2%2Fcategories&post=85985"},{"taxonomy":"post_tag","embeddable":true,"href":"https:\/\/archive.sana.sy\/tr\/index.php?rest_route=%2Fwp%2Fv2%2Ftags&post=85985"}],"curies":[{"name":"wp","href":"https:\/\/api.w.org\/{rel}","templated":true}]}}