{"id":86028,"date":"2016-09-01T19:44:11","date_gmt":"2016-09-01T16:44:11","guid":{"rendered":"http:\/\/www.sana.sy\/tr\/?p=86028"},"modified":"2016-09-02T15:46:45","modified_gmt":"2016-09-02T12:46:45","slug":"gercek-ve-fiili-guc-olmalari-itibariyla-durumu-somutlastirmalari-gerekiyor","status":"publish","type":"post","link":"https:\/\/archive.sana.sy\/tr\/?p=86028","title":{"rendered":"Ger\u00e7ek ve Fiili G\u00fc\u00e7 Olmalar\u0131 \u0130tibar\u0131yla Durumu Somutla\u015ft\u0131rmalar\u0131 Gerekiyor"},"content":{"rendered":"<p>\u015eAM \u2013 Cumhurba\u015fkan\u0131 Be\u015f\u015far el Esad Uluslararas\u0131 Arap \u0130\u015f\u00e7i Sendikalar\u0131 Federasyonu genel sekreterlik \u00fcyelerini Federasyon Ba\u015fkan\u0131 Gassan G\u0131s\u0131n ba\u015fkanl\u0131\u011f\u0131nda kabul etti.<\/p>\n<p>G\u00f6r\u00fc\u015fmede \u00f6zellikle b\u00f6lge devletlerinin tan\u0131k oldu\u011fu durumlarda olmak \u00fczere sendika ve sivil toplum \u00f6rg\u00fctlerinin rol\u00fc \u00fczerinde duruldu.<\/p>\n<p><a href=\"http:\/\/www.sana.sy\/tr\/wp-content\/uploads\/2016\/09\/Esad-1.jpg\"><img loading=\"lazy\" decoding=\"async\" class=\"alignright wp-image-86129 size-medium\" src=\"http:\/\/www.sana.sy\/tr\/wp-content\/uploads\/2016\/09\/Esad-1-300x170.jpg\" alt=\"Esad 1\" width=\"300\" height=\"170\" srcset=\"https:\/\/archive.sana.sy\/tr\/wp-content\/uploads\/2016\/09\/Esad-1-300x170.jpg 300w, https:\/\/archive.sana.sy\/tr\/wp-content\/uploads\/2016\/09\/Esad-1-150x85.jpg 150w, https:\/\/archive.sana.sy\/tr\/wp-content\/uploads\/2016\/09\/Esad-1-768x435.jpg 768w, https:\/\/archive.sana.sy\/tr\/wp-content\/uploads\/2016\/09\/Esad-1-1024x580.jpg 1024w\" sizes=\"auto, (max-width: 300px) 100vw, 300px\" \/><\/a>B\u00f6lge devletleri ve halklar\u0131n\u0131 hedef alan d\u0131\u015f planlara kar\u015f\u0131 y\u00fcksek bir bilin\u00e7 sergileyen sivil toplum \u00f6rg\u00fctleri ve sendikalar\u0131n bu d\u00f6neme\u00e7li s\u00fcre\u00e7te gayet b\u00fcy\u00fck ve \u00f6nemli bir rol oynad\u0131klar\u0131na dikkat \u00e7eken el Esad; Bat\u0131l\u0131lar\u0131n en \u00e7ok korkutan mevzunun halklar\u0131n kimliklerine, ilke ve de\u011ferlerine tutunmalar\u0131 oldu\u011funu ifade etti. El Esad s\u00f6z konusu \u00f6rg\u00fct ve sendikalar\u0131n da halklar\u0131n iradelerini temsil eden ger\u00e7ek ve fiili g\u00fc\u00e7 olmalar\u0131 itibar\u0131yla bu durumu somutla\u015ft\u0131rmalar\u0131 gerekti\u011fini kaydetti.<\/p>\n<p>Federasyon ba\u015fkan\u0131 ve \u00fcyeleri federasyonun insan onuru ve haklar\u0131 i\u00e7in m\u00fccadele verdi\u011fini ifade ederken, dolay\u0131s\u0131yla maruz kald\u0131\u011f\u0131 evrensel planlar ve ter\u00f6r kar\u015f\u0131s\u0131nda Suriye ve halk\u0131n\u0131n yan\u0131nda oldu\u011funun alt\u0131n\u0131 \u00e7izdi. Suriye ve halk\u0131na kar\u015f\u0131 uygulanan ekonomik yapt\u0131r\u0131mlar\u0131 k\u0131nayan federasyon heyeti, \u00f6n saflarda yer alan Suriye&#8217;yi hedef alacak herhangi bir plan\u0131n t\u00fcm b\u00f6lge halklar\u0131n\u0131 hedef ald\u0131\u011f\u0131n\u0131n alt\u0131n\u0131 \u00e7izdi.<\/p>\n<p>Heyet \u00fcyeleri federasyonun da\u011f\u0131t\u0131lma \u00e7abalar\u0131na ra\u011fmen ekonomik s\u00f6m\u00fcr\u00fc ve hegemonyaya kar\u015f\u0131 azimle m\u00fccadele etti\u011fini, Bat\u0131l\u0131lar\u0131n b\u00f6lge halklar\u0131na y\u00f6nelik yapt\u0131r\u0131mlara kar\u015f\u0131 da m\u00fccadelesini s\u00fcrd\u00fcrece\u011fini ifade etti. Ger\u00e7ek bir Arap ortakl\u0131\u011f\u0131 i\u00e7in \u00e7aba harcad\u0131\u011f\u0131n\u0131 kaydeden federasyon heyeti; Arap \u00fclkelerinde yoksulluk ve i\u015fsizlikle m\u00fccadeleye devam edeceklerini kaydetti.<\/p>\n","protected":false},"excerpt":{"rendered":"<p>\u015eAM \u2013 Cumhurba\u015fkan\u0131 Be\u015f\u015far el Esad Uluslararas\u0131 Arap \u0130\u015f\u00e7i Sendikalar\u0131 Federasyonu genel sekreterlik \u00fcyelerini Federasyon Ba\u015fkan\u0131 Gassan G\u0131s\u0131n ba\u015fkanl\u0131\u011f\u0131nda kabul etti. G\u00f6r\u00fc\u015fmede \u00f6zellikle b\u00f6lge devletlerinin tan\u0131k oldu\u011fu durumlarda olmak \u00fczere sendika ve sivil toplum \u00f6rg\u00fctlerinin rol\u00fc \u00fczerinde duruldu. B\u00f6lge devletleri ve halklar\u0131n\u0131 hedef alan d\u0131\u015f planlara kar\u015f\u0131 y\u00fcksek bir bilin\u00e7 sergileyen sivil toplum \u00f6rg\u00fctleri ve &hellip;<\/p>\n","protected":false},"author":1,"featured_media":86029,"comment_status":"closed","ping_status":"closed","sticky":false,"template":"","format":"standard","meta":{"footnotes":""},"categories":[608,479,605,17988,478],"tags":[],"class_list":["post-86028","post","type-post","status-publish","format-standard","has-post-thumbnail","","category-etkinlikler","category-haberler-yerel","category-sayin-cumhurbaskani","category-son-haberler","category-yerel"],"_links":{"self":[{"href":"https:\/\/archive.sana.sy\/tr\/index.php?rest_route=\/wp\/v2\/posts\/86028","targetHints":{"allow":["GET"]}}],"collection":[{"href":"https:\/\/archive.sana.sy\/tr\/index.php?rest_route=\/wp\/v2\/posts"}],"about":[{"href":"https:\/\/archive.sana.sy\/tr\/index.php?rest_route=\/wp\/v2\/types\/post"}],"author":[{"embeddable":true,"href":"https:\/\/archive.sana.sy\/tr\/index.php?rest_route=\/wp\/v2\/users\/1"}],"replies":[{"embeddable":true,"href":"https:\/\/archive.sana.sy\/tr\/index.php?rest_route=%2Fwp%2Fv2%2Fcomments&post=86028"}],"version-history":[{"count":0,"href":"https:\/\/archive.sana.sy\/tr\/index.php?rest_route=\/wp\/v2\/posts\/86028\/revisions"}],"wp:featuredmedia":[{"embeddable":true,"href":"https:\/\/archive.sana.sy\/tr\/index.php?rest_route=\/wp\/v2\/media\/86029"}],"wp:attachment":[{"href":"https:\/\/archive.sana.sy\/tr\/index.php?rest_route=%2Fwp%2Fv2%2Fmedia&parent=86028"}],"wp:term":[{"taxonomy":"category","embeddable":true,"href":"https:\/\/archive.sana.sy\/tr\/index.php?rest_route=%2Fwp%2Fv2%2Fcategories&post=86028"},{"taxonomy":"post_tag","embeddable":true,"href":"https:\/\/archive.sana.sy\/tr\/index.php?rest_route=%2Fwp%2Fv2%2Ftags&post=86028"}],"curies":[{"name":"wp","href":"https:\/\/api.w.org\/{rel}","templated":true}]}}