{"id":86035,"date":"2016-09-01T19:15:52","date_gmt":"2016-09-01T16:15:52","guid":{"rendered":"http:\/\/www.sana.sy\/tr\/?p=86035"},"modified":"2016-09-02T14:02:59","modified_gmt":"2016-09-02T11:02:59","slug":"vatandaslarla-siki-bir-temas-icinde-olunmali","status":"publish","type":"post","link":"https:\/\/archive.sana.sy\/tr\/?p=86035","title":{"rendered":"Vatanda\u015flarla S\u0131k\u0131 Bir Temas \u0130\u00e7inde Olunmal\u0131"},"content":{"rendered":"<p>\u015eAM \u2013 Rollerini etkinle\u015ftirme ve \u00e7al\u0131\u015fmalar\u0131nda kar\u015f\u0131la\u015f\u0131lan zorluklar\u0131 a\u015fma amac\u0131yla Halk Meclisinde mevcut daimi komisyonlar\u0131n t\u00fcm\u00fcyle ayr\u0131 ayr\u0131 bir araya gelen Meclis Ba\u015fkan\u0131 Hediye Abbas bug\u00fcn \u015eikayet ve Dilek\u00e7e Komisyonu ba\u015fkan\u0131 ve \u00fcyeleri ile bir araya geldi.<\/p>\n<p>Halk Meclisinde d\u00fczenlenen toplant\u0131da Meclis Ba\u015fkan\u0131 Abbas; komisyon \u00fcyelerinin vatanda\u015flarla daimi bir temas i\u00e7inde olmalar\u0131, sorun ve \u015fikayetlerini yak\u0131ndan dinleyip ilgili kurumlarla koordinasyon i\u00e7inde \u00e7\u00f6zmeleri gere\u011finin alt\u0131n\u0131 \u00e7izdi. Abbas komisyonun \u00e7al\u0131\u015fma mekanizmas\u0131n\u0131 geli\u015ftirme ve mevcut ko\u015fullarla entegreli etkin \u00e7al\u0131\u015fmalarda bulunma gere\u011fini vurgularken, komisyon ile vatanda\u015flar aras\u0131ndaki g\u00fcven k\u00f6pr\u00fcs\u00fcn\u00fcn sa\u011flamla\u015ft\u0131r\u0131lmas\u0131 \u00f6nemine dikkat \u00e7ekti.<\/p>\n<p>Komisyon ba\u015fkan\u0131 ve \u00fcyeleri ise \u00e7al\u0131\u015fmalar\u0131na ili\u015fkin i\u015f mekanizmas\u0131 takdim ederken, kar\u015f\u0131la\u015ft\u0131klar\u0131 zorluklar\u0131 a\u015fmak i\u00e7in \u00f6nerilerde bulundular.<\/p>\n<p><span style=\"color: #0000ff\">Halep \u0130li Milletvekilleriyle de G\u00f6r\u00fc\u015ft\u00fc<\/span><\/p>\n<p>Di\u011fer yandan Halk Meclisi Ba\u015fkan\u0131 Abbas Halep \u0130li Milletvekilleriyle de bir araya geldi.<\/p>\n<p>Milletvekillerinin vatanda\u015flar\u0131 temsil etmeleriyle bu vatanda\u015flarla s\u0131k\u0131 temas i\u00e7inde olmalar\u0131 ve sorunlar\u0131n\u0131 yak\u0131ndan takip etmeleri gere\u011finin alt\u0131n\u0131 \u00e7izen Abbas; ya\u015fam ko\u015fullar\u0131n\u0131 iyile\u015ftirme ve ter\u00f6re kar\u015f\u0131 m\u00fccadele g\u00fc\u00e7lerini artt\u0131rma y\u00f6n\u00fcnde \u00e7abalar\u0131 yo\u011funla\u015ft\u0131rman\u0131n gere\u011fini vurgulad\u0131.<\/p>\n","protected":false},"excerpt":{"rendered":"<p>\u015eAM \u2013 Rollerini etkinle\u015ftirme ve \u00e7al\u0131\u015fmalar\u0131nda kar\u015f\u0131la\u015f\u0131lan zorluklar\u0131 a\u015fma amac\u0131yla Halk Meclisinde mevcut daimi komisyonlar\u0131n t\u00fcm\u00fcyle ayr\u0131 ayr\u0131 bir araya gelen Meclis Ba\u015fkan\u0131 Hediye Abbas bug\u00fcn \u015eikayet ve Dilek\u00e7e Komisyonu ba\u015fkan\u0131 ve \u00fcyeleri ile bir araya geldi. Halk Meclisinde d\u00fczenlenen toplant\u0131da Meclis Ba\u015fkan\u0131 Abbas; komisyon \u00fcyelerinin vatanda\u015flarla daimi bir temas i\u00e7inde olmalar\u0131, sorun ve \u015fikayetlerini &hellip;<\/p>\n","protected":false},"author":1,"featured_media":86036,"comment_status":"closed","ping_status":"closed","sticky":false,"template":"","format":"standard","meta":{"footnotes":""},"categories":[479,17988,478],"tags":[23627,23626],"class_list":["post-86035","post","type-post","status-publish","format-standard","has-post-thumbnail","","category-haberler-yerel","category-son-haberler","category-yerel","tag-halk-meclisinde-duzenlenen-toplanti","tag-vatandaslarla-siki-bir-temas-icinde-olunmali"],"_links":{"self":[{"href":"https:\/\/archive.sana.sy\/tr\/index.php?rest_route=\/wp\/v2\/posts\/86035","targetHints":{"allow":["GET"]}}],"collection":[{"href":"https:\/\/archive.sana.sy\/tr\/index.php?rest_route=\/wp\/v2\/posts"}],"about":[{"href":"https:\/\/archive.sana.sy\/tr\/index.php?rest_route=\/wp\/v2\/types\/post"}],"author":[{"embeddable":true,"href":"https:\/\/archive.sana.sy\/tr\/index.php?rest_route=\/wp\/v2\/users\/1"}],"replies":[{"embeddable":true,"href":"https:\/\/archive.sana.sy\/tr\/index.php?rest_route=%2Fwp%2Fv2%2Fcomments&post=86035"}],"version-history":[{"count":0,"href":"https:\/\/archive.sana.sy\/tr\/index.php?rest_route=\/wp\/v2\/posts\/86035\/revisions"}],"wp:featuredmedia":[{"embeddable":true,"href":"https:\/\/archive.sana.sy\/tr\/index.php?rest_route=\/wp\/v2\/media\/86036"}],"wp:attachment":[{"href":"https:\/\/archive.sana.sy\/tr\/index.php?rest_route=%2Fwp%2Fv2%2Fmedia&parent=86035"}],"wp:term":[{"taxonomy":"category","embeddable":true,"href":"https:\/\/archive.sana.sy\/tr\/index.php?rest_route=%2Fwp%2Fv2%2Fcategories&post=86035"},{"taxonomy":"post_tag","embeddable":true,"href":"https:\/\/archive.sana.sy\/tr\/index.php?rest_route=%2Fwp%2Fv2%2Ftags&post=86035"}],"curies":[{"name":"wp","href":"https:\/\/api.w.org\/{rel}","templated":true}]}}