{"id":86040,"date":"2016-09-01T19:10:07","date_gmt":"2016-09-01T16:10:07","guid":{"rendered":"http:\/\/www.sana.sy\/tr\/?p=86040"},"modified":"2016-09-01T20:42:22","modified_gmt":"2016-09-01T17:42:22","slug":"ingiliz-heyetin-sorulari-belli-noktalara-odaklandi","status":"publish","type":"post","link":"https:\/\/archive.sana.sy\/tr\/?p=86040","title":{"rendered":"\u0130ngiliz Heyetin Sorular\u0131 Belli Noktalara Odakland\u0131"},"content":{"rendered":"<p>\u015eAM \u2013 Cumhurba\u015fkanl\u0131\u011f\u0131 Siyasi ve Bas\u0131n Dan\u0131\u015fman\u0131 B\u00fcseyna \u015eaban bug\u00fcn \u0130ngiliz parlamenterler, akademisyenler ve din adamlar\u0131ndan olu\u015fan bir heyetle bir araya gelirken, Bat\u0131l\u0131 medyan\u0131n b\u00f6lge halklar\u0131 ile Bat\u0131l\u0131 halklar ars\u0131nda ger\u00e7ekler i\u00e7in k\u00f6pr\u00fc olmas\u0131 yerine tam anlam\u0131yla bir engel haline geldi\u011fini kaydetti.<\/p>\n<p>\u015eaban g\u00fcn\u00fcm\u00fczde Bat\u0131l\u0131lar\u0131n s\u00f6zleri ile davran\u0131\u015flar\u0131n\u0131n bir birini tutmad\u0131\u011f\u0131n\u0131, s\u00f6ylem ve iddialar\u0131n\u0131n tam tersinde hareket ettiklerini ifade etti.<\/p>\n<p>Bat\u0131l\u0131lar\u0131n Suriye&#8217;yi Suriyelilerin diliyle dinlemeleri gerekti\u011fini belirten \u015eaban, \u00f6zellikle \u0130ngiltere ve Fransa h\u00fck\u00fcmetlerinin Suriyelileri dinlemek yerine Suudi Arabistan ve Katar\u2019\u0131 dinleyip ona g\u00f6re hareket ettiklerini s\u00f6yledi.<\/p>\n<p>Bas\u0131n m\u00fcste\u015far\u0131 \u015eaban g\u00fcn\u00fcm\u00fczde ya\u015fanmakta olanlar\u0131n, Arap \u2013 \u0130srail \u00e7at\u0131\u015fmas\u0131ndan ba\u015fka bir \u015fey olmad\u0131\u011f\u0131n\u0131, t\u00fcm bunlar\u0131n da \u0130srail\u2019e <img loading=\"lazy\" decoding=\"async\" class=\"alignright size-medium wp-image-86042\" src=\"http:\/\/www.sana.sy\/tr\/wp-content\/uploads\/2016\/09\/\u015faban2-300x150.jpg\" alt=\"\u015faban2\" width=\"300\" height=\"150\" srcset=\"https:\/\/archive.sana.sy\/tr\/wp-content\/uploads\/2016\/09\/\u015faban2-300x150.jpg 300w, https:\/\/archive.sana.sy\/tr\/wp-content\/uploads\/2016\/09\/\u015faban2-150x75.jpg 150w, https:\/\/archive.sana.sy\/tr\/wp-content\/uploads\/2016\/09\/\u015faban2.jpg 660w\" sizes=\"auto, (max-width: 300px) 100vw, 300px\" \/>hizmet etti\u011fini kaydetti.<\/p>\n<p>\u0130ngiliz heyet \u00fcyeleri ge\u00e7ekleri Suriyelilerden dinleme ve yerinde inceleyip \u0130ngiliz kamuoyuna aktarma amac\u0131yla Suriye&#8217;ye geldiklerini ifade ederken, Bat\u0131l\u0131 medyan\u0131n yalanlar\u0131n\u0131n art\u0131k ikna edici olmad\u0131\u011f\u0131n\u0131, kamuoyunun da bunu fark etti\u011fini belirtti.<\/p>\n<p>Konuk heyet \u00fcyeleri sorular\u0131nda \u0130ngiltere ve Fransa\u2019n\u0131n Suriye&#8217;de ya\u015fananlarda oynad\u0131klar\u0131 rol\u00fcn yan\u0131 s\u0131ra Suriye&#8217;de yeniden yap\u0131lanma s\u00fcreci ve tehcir edilenlerin evlerine nas\u0131l d\u00f6necekleri \u00fczerine odakland\u0131.<\/p>\n","protected":false},"excerpt":{"rendered":"<p>\u015eAM \u2013 Cumhurba\u015fkanl\u0131\u011f\u0131 Siyasi ve Bas\u0131n Dan\u0131\u015fman\u0131 B\u00fcseyna \u015eaban bug\u00fcn \u0130ngiliz parlamenterler, akademisyenler ve din adamlar\u0131ndan olu\u015fan bir heyetle bir araya gelirken, Bat\u0131l\u0131 medyan\u0131n b\u00f6lge halklar\u0131 ile Bat\u0131l\u0131 halklar ars\u0131nda ger\u00e7ekler i\u00e7in k\u00f6pr\u00fc olmas\u0131 yerine tam anlam\u0131yla bir engel haline geldi\u011fini kaydetti. \u015eaban g\u00fcn\u00fcm\u00fczde Bat\u0131l\u0131lar\u0131n s\u00f6zleri ile davran\u0131\u015flar\u0131n\u0131n bir birini tutmad\u0131\u011f\u0131n\u0131, s\u00f6ylem ve iddialar\u0131n\u0131n tam &hellip;<\/p>\n","protected":false},"author":1,"featured_media":86041,"comment_status":"closed","ping_status":"closed","sticky":false,"template":"","format":"standard","meta":{"footnotes":""},"categories":[1],"tags":[17305,23628],"class_list":["post-86040","post","type-post","status-publish","format-standard","has-post-thumbnail","","category-news-not-sorted","tag-cumhurbaskanligi-siyasi-ve-basin-danismani-buseyna-saban","tag-ingiliz-heyetin-sorulari-belli-noktalara-odaklandi"],"_links":{"self":[{"href":"https:\/\/archive.sana.sy\/tr\/index.php?rest_route=\/wp\/v2\/posts\/86040","targetHints":{"allow":["GET"]}}],"collection":[{"href":"https:\/\/archive.sana.sy\/tr\/index.php?rest_route=\/wp\/v2\/posts"}],"about":[{"href":"https:\/\/archive.sana.sy\/tr\/index.php?rest_route=\/wp\/v2\/types\/post"}],"author":[{"embeddable":true,"href":"https:\/\/archive.sana.sy\/tr\/index.php?rest_route=\/wp\/v2\/users\/1"}],"replies":[{"embeddable":true,"href":"https:\/\/archive.sana.sy\/tr\/index.php?rest_route=%2Fwp%2Fv2%2Fcomments&post=86040"}],"version-history":[{"count":0,"href":"https:\/\/archive.sana.sy\/tr\/index.php?rest_route=\/wp\/v2\/posts\/86040\/revisions"}],"wp:featuredmedia":[{"embeddable":true,"href":"https:\/\/archive.sana.sy\/tr\/index.php?rest_route=\/wp\/v2\/media\/86041"}],"wp:attachment":[{"href":"https:\/\/archive.sana.sy\/tr\/index.php?rest_route=%2Fwp%2Fv2%2Fmedia&parent=86040"}],"wp:term":[{"taxonomy":"category","embeddable":true,"href":"https:\/\/archive.sana.sy\/tr\/index.php?rest_route=%2Fwp%2Fv2%2Fcategories&post=86040"},{"taxonomy":"post_tag","embeddable":true,"href":"https:\/\/archive.sana.sy\/tr\/index.php?rest_route=%2Fwp%2Fv2%2Ftags&post=86040"}],"curies":[{"name":"wp","href":"https:\/\/api.w.org\/{rel}","templated":true}]}}