{"id":86048,"date":"2016-09-01T22:54:15","date_gmt":"2016-09-01T19:54:15","guid":{"rendered":"http:\/\/www.sana.sy\/tr\/?p=86048"},"modified":"2016-09-02T12:58:35","modified_gmt":"2016-09-02T09:58:35","slug":"gercekler-dunya-kamu-oyunu-soke-edecek-durumda","status":"publish","type":"post","link":"https:\/\/archive.sana.sy\/tr\/?p=86048","title":{"rendered":"Ger\u00e7ekler D\u00fcnya Kamu Oyunu \u015eoke Edecek Durumda"},"content":{"rendered":"<p>\u015eAM \u2013 \u0130ngiliz parlamenterler, akademisyenler ve din adamlar\u0131ndan olu\u015fan bir heyet bug\u00fcn ak\u015fam saatlerinde Turizm Bakan\u0131 Bu\u015fr Yaz\u0131c\u0131 ile bir araya geldi.<\/p>\n<p>Bakan Yaz\u0131c\u0131 g\u00f6r\u00fc\u015fmede Suriye&#8217;nin be\u015f y\u0131la a\u015fk\u0131n s\u00fcredir maruz kald\u0131\u011f\u0131 sava\u015fta halk\u0131n\u0131n, ekonomisinin, k\u00fclt\u00fcr\u00fcn\u00fcn, tarihi ve medeniyetinin sistematik bir \u015fekilde hedef al\u0131nd\u0131\u011f\u0131na dikkat \u00e7ekerken, bunun da kelimenin tam anlam\u0131yla insanl\u0131\u011fa kar\u015f\u0131 bir su\u00e7 oldu\u011funu belirtti.<\/p>\n<p><a href=\"http:\/\/www.sana.sy\/tr\/wp-content\/uploads\/2016\/09\/Yaz\u0131c\u0131-1.jpg\"><img loading=\"lazy\" decoding=\"async\" class=\"alignright wp-image-86051 size-medium\" src=\"http:\/\/www.sana.sy\/tr\/wp-content\/uploads\/2016\/09\/Yaz\u0131c\u0131-1-300x199.jpg\" alt=\"Yaz\u0131c\u0131 1\" width=\"300\" height=\"199\" srcset=\"https:\/\/archive.sana.sy\/tr\/wp-content\/uploads\/2016\/09\/Yaz\u0131c\u0131-1-300x199.jpg 300w, https:\/\/archive.sana.sy\/tr\/wp-content\/uploads\/2016\/09\/Yaz\u0131c\u0131-1-150x100.jpg 150w, https:\/\/archive.sana.sy\/tr\/wp-content\/uploads\/2016\/09\/Yaz\u0131c\u0131-1-768x510.jpg 768w, https:\/\/archive.sana.sy\/tr\/wp-content\/uploads\/2016\/09\/Yaz\u0131c\u0131-1-1024x680.jpg 1024w, https:\/\/archive.sana.sy\/tr\/wp-content\/uploads\/2016\/09\/Yaz\u0131c\u0131-1-310x205.jpg 310w\" sizes=\"auto, (max-width: 300px) 100vw, 300px\" \/><\/a>D\u0131\u015f g\u00fc\u00e7lerin talimat ve deste\u011fi ile faaliyet g\u00f6steren ter\u00f6r \u00f6rg\u00fctlerin Suriye&#8217;de medeniyete, tarihi eserlere, k\u00fclt\u00fcre ve turistik mekanlara verdikleri hasara \u0131\u015f\u0131k tutan Yaz\u0131c\u0131, M\u00fcsl\u00fcman ve H\u0131ristiyan ibadet yerlerinin de bu ter\u00f6rden ciddi \u015fekilde pay\u0131n\u0131 ald\u0131klar\u0131n\u0131 kaydetti.<\/p>\n<p>Suriye ve halk\u0131n\u0131n maruz kald\u0131\u011f\u0131 ter\u00f6r sava\u015f\u0131n\u0131n tarihte benzeri az g\u00f6r\u00fclm\u00fc\u015f bir barbarl\u0131k oldu\u011funu ifade eden Turizm Bakan\u0131; bu sava\u015fta kimlerin haktan kimlerin de ter\u00f6rden yana durduklar\u0131n\u0131n tarih boyunca hat\u0131rlanaca\u011f\u0131n\u0131 ifade etti. Bakan Yaz\u0131c\u0131 insanl\u0131\u011fa kar\u015f\u0131 t\u00fcm bu vah\u015feti destekleyip savunanlar\u0131n tarih boyunca kara bir leke ta\u015f\u0131yacaklar\u0131n\u0131 ve lanetlenece\u011fini s\u00f6yledi.<\/p>\n<p><a href=\"http:\/\/www.sana.sy\/tr\/wp-content\/uploads\/2016\/09\/Yaz\u0131c\u0131-2.jpg\"><img loading=\"lazy\" decoding=\"async\" class=\"alignright wp-image-86052 size-medium\" src=\"http:\/\/www.sana.sy\/tr\/wp-content\/uploads\/2016\/09\/Yaz\u0131c\u0131-2-300x199.jpg\" alt=\"Yaz\u0131c\u0131 2\" width=\"300\" height=\"199\" srcset=\"https:\/\/archive.sana.sy\/tr\/wp-content\/uploads\/2016\/09\/Yaz\u0131c\u0131-2-300x199.jpg 300w, https:\/\/archive.sana.sy\/tr\/wp-content\/uploads\/2016\/09\/Yaz\u0131c\u0131-2-150x100.jpg 150w, https:\/\/archive.sana.sy\/tr\/wp-content\/uploads\/2016\/09\/Yaz\u0131c\u0131-2-768x510.jpg 768w, https:\/\/archive.sana.sy\/tr\/wp-content\/uploads\/2016\/09\/Yaz\u0131c\u0131-2-1024x680.jpg 1024w, https:\/\/archive.sana.sy\/tr\/wp-content\/uploads\/2016\/09\/Yaz\u0131c\u0131-2-310x205.jpg 310w\" sizes=\"auto, (max-width: 300px) 100vw, 300px\" \/><\/a>Yaz\u0131c\u0131 Suriye&#8217;nin halk ve ordu olarak bu sava\u015fta verdi\u011fi m\u00fccadelede \u015fan ve onur destanlar\u0131 yazd\u0131\u011f\u0131na dikkat \u00e7ekerken, sergilenen kahramanl\u0131klar ve verilen fedakarl\u0131klar\u0131n alt\u0131n harflerle yaz\u0131laca\u011f\u0131n\u0131 kaydetti.<\/p>\n<p>Konuk heyetin sorular\u0131n\u0131 da yan\u0131tlayan Turizm Bakan\u0131 Yaz\u0131c\u0131 ekonomik yapt\u0131r\u0131mlar\u0131n da turizm sekt\u00f6r\u00fc dahil t\u00fcm alanlara ve direk olarak halk\u0131n ya\u015famlar\u0131na olumsuz yans\u0131malar\u0131 oldu\u011funu belirtti.<\/p>\n<p>Bakan Yaz\u0131c\u0131 her \u015feye ra\u011fmen Suriyelilerin iradesinin t\u00fcm bu ter\u00f6rden daha g\u00fc\u00e7l\u00fc kald\u0131\u011f\u0131n\u0131 ifade ederek, turizm dahil muhtelif alanlarda yat\u0131r\u0131mlarda bulunma ve kalk\u0131nma \u00e7abalar\u0131n\u0131 s\u00fcrd\u00fcrme azimlerini sergilediklerine dikkat \u00e7ekti.<\/p>\n<p>Konuk heyet \u00fcyeleri ise bas\u0131na yapt\u0131klar\u0131 a\u00e7\u0131klamada Suriye&#8217;de g\u00f6rd\u00fcklerinin t\u00fcm d\u00fcnya kamuoyunu \u015fok edece\u011fine inand\u0131klar\u0131n\u0131, Bat\u0131l\u0131 medyan\u0131n kamuoyunu ciddi bir \u015fekilde kand\u0131rd\u0131\u011f\u0131n\u0131 ifade ettiler. Heyet \u00fcyeleri Suriye halk\u0131 ve devletiyle tam dayan\u0131\u015fmalar\u0131n\u0131 ifade ederken, bu y\u00f6nde \u00e7abalar\u0131n\u0131 artt\u0131racaklar\u0131n\u0131 kaydetti.<\/p>\n","protected":false},"excerpt":{"rendered":"<p>\u015eAM \u2013 \u0130ngiliz parlamenterler, akademisyenler ve din adamlar\u0131ndan olu\u015fan bir heyet bug\u00fcn ak\u015fam saatlerinde Turizm Bakan\u0131 Bu\u015fr Yaz\u0131c\u0131 ile bir araya geldi. Bakan Yaz\u0131c\u0131 g\u00f6r\u00fc\u015fmede Suriye&#8217;nin be\u015f y\u0131la a\u015fk\u0131n s\u00fcredir maruz kald\u0131\u011f\u0131 sava\u015fta halk\u0131n\u0131n, ekonomisinin, k\u00fclt\u00fcr\u00fcn\u00fcn, tarihi ve medeniyetinin sistematik bir \u015fekilde hedef al\u0131nd\u0131\u011f\u0131na dikkat \u00e7ekerken, bunun da kelimenin tam anlam\u0131yla insanl\u0131\u011fa kar\u015f\u0131 bir su\u00e7 &hellip;<\/p>\n","protected":false},"author":1,"featured_media":86049,"comment_status":"closed","ping_status":"closed","sticky":false,"template":"","format":"standard","meta":{"footnotes":""},"categories":[479,17988,2553,478],"tags":[23631,23629,23630],"class_list":["post-86048","post","type-post","status-publish","format-standard","has-post-thumbnail","","category-haberler-yerel","category-son-haberler","category-turizm","category-yerel","tag-akademisyenler-ve-din-adamlarindan-olusan-bir-heyet-bugun-aksam-saatlerinde-turizm-bakani-busr-yazici-ile-bir-araya-geldi","tag-gercekler-dunya-kamu-oyunu-soke-edecek-durumda","tag-ingiliz-parlamenterler"],"_links":{"self":[{"href":"https:\/\/archive.sana.sy\/tr\/index.php?rest_route=\/wp\/v2\/posts\/86048","targetHints":{"allow":["GET"]}}],"collection":[{"href":"https:\/\/archive.sana.sy\/tr\/index.php?rest_route=\/wp\/v2\/posts"}],"about":[{"href":"https:\/\/archive.sana.sy\/tr\/index.php?rest_route=\/wp\/v2\/types\/post"}],"author":[{"embeddable":true,"href":"https:\/\/archive.sana.sy\/tr\/index.php?rest_route=\/wp\/v2\/users\/1"}],"replies":[{"embeddable":true,"href":"https:\/\/archive.sana.sy\/tr\/index.php?rest_route=%2Fwp%2Fv2%2Fcomments&post=86048"}],"version-history":[{"count":0,"href":"https:\/\/archive.sana.sy\/tr\/index.php?rest_route=\/wp\/v2\/posts\/86048\/revisions"}],"wp:featuredmedia":[{"embeddable":true,"href":"https:\/\/archive.sana.sy\/tr\/index.php?rest_route=\/wp\/v2\/media\/86049"}],"wp:attachment":[{"href":"https:\/\/archive.sana.sy\/tr\/index.php?rest_route=%2Fwp%2Fv2%2Fmedia&parent=86048"}],"wp:term":[{"taxonomy":"category","embeddable":true,"href":"https:\/\/archive.sana.sy\/tr\/index.php?rest_route=%2Fwp%2Fv2%2Fcategories&post=86048"},{"taxonomy":"post_tag","embeddable":true,"href":"https:\/\/archive.sana.sy\/tr\/index.php?rest_route=%2Fwp%2Fv2%2Ftags&post=86048"}],"curies":[{"name":"wp","href":"https:\/\/api.w.org\/{rel}","templated":true}]}}