{"id":86081,"date":"2016-09-02T16:00:33","date_gmt":"2016-09-02T13:00:33","guid":{"rendered":"http:\/\/www.sana.sy\/tr\/?p=86081"},"modified":"2016-09-03T15:51:07","modified_gmt":"2016-09-03T12:51:07","slug":"arac-konvoylari-ve-karargahlari-muhtevalariyla-imha-edildi","status":"publish","type":"post","link":"https:\/\/archive.sana.sy\/tr\/?p=86081","title":{"rendered":"Ara\u00e7 Konvoylar\u0131 ve Karargahlar\u0131 Muhtevalar\u0131yla \u0130mha Edildi(video)"},"content":{"rendered":"<p>\u0130LLER \u2013 Ordu birliklerimiz bug\u00fcn hava g\u00fc\u00e7lerimiz ve top\u00e7u birliklerimizin deste\u011fi ile ter\u00f6re kar\u015f\u0131 sava\u015f\u0131n\u0131 s\u00fcrd\u00fcr\u00fcrlerken, bir\u00e7ok b\u00f6lgede ara\u00e7 konvoylar\u0131 ve karargahlar\u0131n\u0131 muhtevalar\u0131yla imha ettiler.<\/p>\n<p><span style=\"color: #0000ff\">HAMA:<\/span><\/p>\n<p>Askeri kaynak; hava g\u00fc\u00e7lerimizin Hama k\u0131rsal\u0131 Muardes, Suran, Zellakiyet, Temania, At\u015fan, Kefar Zeyta ve Latamina b\u00f6lgelerinin yan\u0131 s\u0131ra Zater Tepesi ve Kokab \u2013 Suran yolunda ter\u00f6ristlerin toplanma yerleri ve ara\u00e7 konvoylar\u0131n\u0131 hedef ald\u0131klar\u0131n\u0131 ifade etti. Kaynak; hava operasyonlar\u0131nda tekfircilere ait 3 tank, bir f\u00fcze rampas\u0131 ve onlarca arac\u0131n y\u00fckleriyle birlikte imha edilip y\u00fcksek say\u0131da ter\u00f6ristin \u00f6l\u00fc ve yaral\u0131 d\u00fc\u015f\u00fcr\u00fcld\u00fc\u011f\u00fcn\u00fc belirtti.<\/p>\n<p>Hama k\u0131rsal\u0131n\u0131n kuzeyinde de hava g\u00fc\u00e7lerimizin T\u0131ybat el \u0130mam \u2013 Helfaya \u2013 Letamina yolu \u00fczerende ter\u00f6r \u00f6rg\u00fctlere ait b\u00fcy\u00fck bir ara\u00e7 konvoyunu yo\u011fun ate\u015fe tutup imha ettiklerini aktaran kaynak; buralarda da \u00e7ok say\u0131da ter\u00f6risti \u00f6l\u00fc ve yaral\u0131 d\u00fc\u015f\u00fcrd\u00fcklerini s\u00f6yledi.<\/p>\n<p><span style=\"color: #0000ff\">DERA:<\/span><\/p>\n<p>\u00d6te yandan Dera k\u0131rsal\u0131n\u0131n kuzeyinde \u0130srail\u2019den destek alan ter\u00f6ristlere kar\u015f\u0131 nitelikli operasyonlar ger\u00e7ekle\u015ftiren ordu birliklerimiz; Ebta Beldesinin do\u011fusuna d\u00fc\u015fen ordunun eski bir mevkiini ter\u00f6rden temizleyerek kontrollerine ge\u00e7irdi.<\/p>\n<p>Saha kaynaklar\u0131 operasyonlarda da \u00e7ok say\u0131da ter\u00f6ristin \u00f6l\u00fc ve yaral\u0131 d\u00fc\u015f\u00fcr\u00fcl\u00fcp havzalar\u0131nda bulunan silah ve m\u00fchimmatlar\u0131n da yok edildi\u011fini kaydetti.<\/p>\n<p>G\u00fcn\u00fcn ilerleyen saatlerinde a\u00e7\u0131klama yapan askeri kaynak; komando birliklerimizin Dera k\u0131rsal\u0131n\u0131n bat\u0131s\u0131 Yaduda Beldesinin kuzeydo\u011fusunda radikal ter\u00f6ristlerin bir komuta karargah\u0131na bask\u0131n operasyonu ger\u00e7ekle\u015ftirdiklerini s\u00f6yledi. Kaynak; komando birliklerimizin \u00e7ok say\u0131da ter\u00f6risti havzalar\u0131ndaki silah ve m\u00fchimmatlar\u0131yla etkisizle\u015ftirmeleri ard\u0131ndan mevkilerine geri d\u00f6nd\u00fcklerini aktard\u0131.<\/p>\n<p>Ayn\u0131 kaynak Dera Beled\u2019in muhtelif b\u00f6lgelerinde ise ordu birliklerimizin ter\u00f6r \u00f6rg\u00fct\u00fcne tabi 2 komuta karargah\u0131n\u0131 muhtevalar\u0131yla birlikte etkisizle\u015ftirdiklerini s\u00f6zlerine ekledi.<\/p>\n<p>Ordu birliklerimizin Dera Kentinin yakla\u015f\u0131k 4 km g\u00fcneyi, \u011eurraz Cezaevinin bat\u0131s\u0131 ve M\u00fchendisler Binas\u0131n\u0131n g\u00fcneyinde ter\u00f6ristlerin yuva ve k\u00fcmelenme yerlerini hedef ald\u0131klar\u0131n\u0131 belirten kaynak; tekfircileri say\u0131 ve te\u00e7hizatlar\u0131yla birlikte a\u011f\u0131r kay\u0131plara u\u011fratt\u0131klar\u0131na dikkat \u00e7ekti.\u200f<\/p>\n<p>https:\/\/youtu.be\/Lqhepcj85d8<\/p>\n<p>R.H.<\/p>\n","protected":false},"excerpt":{"rendered":"<p>\u0130LLER \u2013 Ordu birliklerimiz bug\u00fcn hava g\u00fc\u00e7lerimiz ve top\u00e7u birliklerimizin deste\u011fi ile ter\u00f6re kar\u015f\u0131 sava\u015f\u0131n\u0131 s\u00fcrd\u00fcr\u00fcrlerken, bir\u00e7ok b\u00f6lgede ara\u00e7 konvoylar\u0131 ve karargahlar\u0131n\u0131 muhtevalar\u0131yla imha ettiler. HAMA: Askeri kaynak; hava g\u00fc\u00e7lerimizin Hama k\u0131rsal\u0131 Muardes, Suran, Zellakiyet, Temania, At\u015fan, Kefar Zeyta ve Latamina b\u00f6lgelerinin yan\u0131 s\u0131ra Zater Tepesi ve Kokab \u2013 Suran yolunda ter\u00f6ristlerin toplanma yerleri ve &hellip;<\/p>\n","protected":false},"author":1,"featured_media":86082,"comment_status":"closed","ping_status":"closed","sticky":false,"template":"","format":"standard","meta":{"footnotes":""},"categories":[575,17988],"tags":[23636],"class_list":["post-86081","post","type-post","status-publish","format-standard","has-post-thumbnail","","category-olaylar-ve-gercekler","category-son-haberler","tag-arac-konvoylari-ve-karargahlari-muhtevalariyla-imha-edildi"],"_links":{"self":[{"href":"https:\/\/archive.sana.sy\/tr\/index.php?rest_route=\/wp\/v2\/posts\/86081","targetHints":{"allow":["GET"]}}],"collection":[{"href":"https:\/\/archive.sana.sy\/tr\/index.php?rest_route=\/wp\/v2\/posts"}],"about":[{"href":"https:\/\/archive.sana.sy\/tr\/index.php?rest_route=\/wp\/v2\/types\/post"}],"author":[{"embeddable":true,"href":"https:\/\/archive.sana.sy\/tr\/index.php?rest_route=\/wp\/v2\/users\/1"}],"replies":[{"embeddable":true,"href":"https:\/\/archive.sana.sy\/tr\/index.php?rest_route=%2Fwp%2Fv2%2Fcomments&post=86081"}],"version-history":[{"count":0,"href":"https:\/\/archive.sana.sy\/tr\/index.php?rest_route=\/wp\/v2\/posts\/86081\/revisions"}],"wp:featuredmedia":[{"embeddable":true,"href":"https:\/\/archive.sana.sy\/tr\/index.php?rest_route=\/wp\/v2\/media\/86082"}],"wp:attachment":[{"href":"https:\/\/archive.sana.sy\/tr\/index.php?rest_route=%2Fwp%2Fv2%2Fmedia&parent=86081"}],"wp:term":[{"taxonomy":"category","embeddable":true,"href":"https:\/\/archive.sana.sy\/tr\/index.php?rest_route=%2Fwp%2Fv2%2Fcategories&post=86081"},{"taxonomy":"post_tag","embeddable":true,"href":"https:\/\/archive.sana.sy\/tr\/index.php?rest_route=%2Fwp%2Fv2%2Ftags&post=86081"}],"curies":[{"name":"wp","href":"https:\/\/api.w.org\/{rel}","templated":true}]}}