{"id":86133,"date":"2016-09-02T15:06:52","date_gmt":"2016-09-02T12:06:52","guid":{"rendered":"http:\/\/www.sana.sy\/tr\/?p=86133"},"modified":"2016-09-02T15:06:52","modified_gmt":"2016-09-02T12:06:52","slug":"rusya-disisleri-bakani-sergey-lavrov-duzenledigi-basin-toplantisinda-suriyede-terorle-mucadelede-koordinasyon-konusunda-yapilacak-herhangi-bir-anlasmanin-mutedil-muhalifleri-teror","status":"publish","type":"post","link":"https:\/\/archive.sana.sy\/tr\/?p=86133","title":{"rendered":"Rusya D\u0131\u015fi\u015fleri Bakan\u0131 Sergey Lavrov d\u00fczenledi\u011fi bas\u0131n toplant\u0131s\u0131nda, Suriye&#8217;de ter\u00f6rle m\u00fccadelede koordinasyon konusunda yap\u0131lacak herhangi bir anla\u015fman\u0131n \u2018mutedil muhalifleri\u2019 ter\u00f6r \u00f6rg\u00fctlerden ay\u0131rmadan hayata ge\u00e7irilmeyece\u011fini kaydetti"},"content":{"rendered":"<p>Rusya D\u0131\u015fi\u015fleri Bakan\u0131 Sergey Lavrov d\u00fczenledi\u011fi bas\u0131n toplant\u0131s\u0131nda, Suriye&#8217;de ter\u00f6rle m\u00fccadelede koordinasyon konusunda yap\u0131lacak herhangi bir anla\u015fman\u0131n \u2018mutedil muhalifleri\u2019 ter\u00f6r \u00f6rg\u00fctlerden ay\u0131rmadan hayata ge\u00e7irilmeyece\u011fini kaydetti<\/p>\n","protected":false},"excerpt":{"rendered":"<p>Rusya D\u0131\u015fi\u015fleri Bakan\u0131 Sergey Lavrov d\u00fczenledi\u011fi bas\u0131n toplant\u0131s\u0131nda, Suriye&#8217;de ter\u00f6rle m\u00fccadelede koordinasyon konusunda yap\u0131lacak herhangi bir anla\u015fman\u0131n \u2018mutedil muhalifleri\u2019 ter\u00f6r \u00f6rg\u00fctlerden ay\u0131rmadan hayata ge\u00e7irilmeyece\u011fini kaydetti<\/p>\n","protected":false},"author":1,"featured_media":0,"comment_status":"closed","ping_status":"closed","sticky":false,"template":"","format":"standard","meta":{"footnotes":""},"categories":[17991],"tags":[],"class_list":["post-86133","post","type-post","status-publish","format-standard","","category-son-dakika"],"_links":{"self":[{"href":"https:\/\/archive.sana.sy\/tr\/index.php?rest_route=\/wp\/v2\/posts\/86133","targetHints":{"allow":["GET"]}}],"collection":[{"href":"https:\/\/archive.sana.sy\/tr\/index.php?rest_route=\/wp\/v2\/posts"}],"about":[{"href":"https:\/\/archive.sana.sy\/tr\/index.php?rest_route=\/wp\/v2\/types\/post"}],"author":[{"embeddable":true,"href":"https:\/\/archive.sana.sy\/tr\/index.php?rest_route=\/wp\/v2\/users\/1"}],"replies":[{"embeddable":true,"href":"https:\/\/archive.sana.sy\/tr\/index.php?rest_route=%2Fwp%2Fv2%2Fcomments&post=86133"}],"version-history":[{"count":0,"href":"https:\/\/archive.sana.sy\/tr\/index.php?rest_route=\/wp\/v2\/posts\/86133\/revisions"}],"wp:attachment":[{"href":"https:\/\/archive.sana.sy\/tr\/index.php?rest_route=%2Fwp%2Fv2%2Fmedia&parent=86133"}],"wp:term":[{"taxonomy":"category","embeddable":true,"href":"https:\/\/archive.sana.sy\/tr\/index.php?rest_route=%2Fwp%2Fv2%2Fcategories&post=86133"},{"taxonomy":"post_tag","embeddable":true,"href":"https:\/\/archive.sana.sy\/tr\/index.php?rest_route=%2Fwp%2Fv2%2Ftags&post=86133"}],"curies":[{"name":"wp","href":"https:\/\/api.w.org\/{rel}","templated":true}]}}