{"id":86136,"date":"2016-09-02T15:18:21","date_gmt":"2016-09-02T12:18:21","guid":{"rendered":"http:\/\/www.sana.sy\/tr\/?p=86136"},"modified":"2016-09-02T15:18:21","modified_gmt":"2016-09-02T12:18:21","slug":"ordu-birliklerimizin-dera-kentinin-yaklasik-4-km-guneyi-gurraz-cezaevinin-batisi-ve-muhendisler-binasinin-guneyinde-teroristlerin-yuva-ve-kumelenme-yerlerini-hedef-aldiklarini-belirten-kaynak-tekfir","status":"publish","type":"post","link":"https:\/\/archive.sana.sy\/tr\/?p=86136","title":{"rendered":"Ordu birliklerimizin Dera Kentinin yakla\u015f\u0131k 4 km g\u00fcneyi, \u011eurraz Cezaevinin bat\u0131s\u0131 ve M\u00fchendisler Binas\u0131n\u0131n g\u00fcneyinde ter\u00f6ristlerin yuva ve k\u00fcmelenme yerlerini hedef ald\u0131klar\u0131n\u0131 belirten kaynak; tekfircileri say\u0131 ve te\u00e7hizatlar\u0131yla birlikte a\u011f\u0131r kay\u0131plara u\u011fratt\u0131klar\u0131na dikkat \u00e7ekti"},"content":{"rendered":"<p>Ordu birliklerimizin Dera Kentinin yakla\u015f\u0131k 4 km g\u00fcneyi, \u011eurraz Cezaevinin bat\u0131s\u0131 ve M\u00fchendisler Binas\u0131n\u0131n g\u00fcneyinde ter\u00f6ristlerin yuva ve k\u00fcmelenme yerlerini hedef ald\u0131klar\u0131n\u0131 belirten kaynak; tekfircileri say\u0131 ve te\u00e7hizatlar\u0131yla birlikte a\u011f\u0131r kay\u0131plara u\u011fratt\u0131klar\u0131na dikkat \u00e7ekti<\/p>\n","protected":false},"excerpt":{"rendered":"<p>Ordu birliklerimizin Dera Kentinin yakla\u015f\u0131k 4 km g\u00fcneyi, \u011eurraz Cezaevinin bat\u0131s\u0131 ve M\u00fchendisler Binas\u0131n\u0131n g\u00fcneyinde ter\u00f6ristlerin yuva ve k\u00fcmelenme yerlerini hedef ald\u0131klar\u0131n\u0131 belirten kaynak; tekfircileri say\u0131 ve te\u00e7hizatlar\u0131yla birlikte a\u011f\u0131r kay\u0131plara u\u011fratt\u0131klar\u0131na dikkat \u00e7ekti<\/p>\n","protected":false},"author":1,"featured_media":0,"comment_status":"closed","ping_status":"closed","sticky":false,"template":"","format":"standard","meta":{"footnotes":""},"categories":[17991],"tags":[],"class_list":["post-86136","post","type-post","status-publish","format-standard","","category-son-dakika"],"_links":{"self":[{"href":"https:\/\/archive.sana.sy\/tr\/index.php?rest_route=\/wp\/v2\/posts\/86136","targetHints":{"allow":["GET"]}}],"collection":[{"href":"https:\/\/archive.sana.sy\/tr\/index.php?rest_route=\/wp\/v2\/posts"}],"about":[{"href":"https:\/\/archive.sana.sy\/tr\/index.php?rest_route=\/wp\/v2\/types\/post"}],"author":[{"embeddable":true,"href":"https:\/\/archive.sana.sy\/tr\/index.php?rest_route=\/wp\/v2\/users\/1"}],"replies":[{"embeddable":true,"href":"https:\/\/archive.sana.sy\/tr\/index.php?rest_route=%2Fwp%2Fv2%2Fcomments&post=86136"}],"version-history":[{"count":0,"href":"https:\/\/archive.sana.sy\/tr\/index.php?rest_route=\/wp\/v2\/posts\/86136\/revisions"}],"wp:attachment":[{"href":"https:\/\/archive.sana.sy\/tr\/index.php?rest_route=%2Fwp%2Fv2%2Fmedia&parent=86136"}],"wp:term":[{"taxonomy":"category","embeddable":true,"href":"https:\/\/archive.sana.sy\/tr\/index.php?rest_route=%2Fwp%2Fv2%2Fcategories&post=86136"},{"taxonomy":"post_tag","embeddable":true,"href":"https:\/\/archive.sana.sy\/tr\/index.php?rest_route=%2Fwp%2Fv2%2Ftags&post=86136"}],"curies":[{"name":"wp","href":"https:\/\/api.w.org\/{rel}","templated":true}]}}