{"id":86214,"date":"2016-09-03T09:32:50","date_gmt":"2016-09-03T06:32:50","guid":{"rendered":"http:\/\/www.sana.sy\/tr\/?p=86214"},"modified":"2016-09-03T13:50:04","modified_gmt":"2016-09-03T10:50:04","slug":"derada-askeri-kaynak-israil-destekli-teroristlere-yonelik-operasyonlar-kapsaminda-ordu-birliklerimizin-dera-kentinin-4-km-guneyinin-yani-sira-garez-cezaevinin-batisi-ve-baraj-yolu-uzerinde-mu","status":"publish","type":"post","link":"https:\/\/archive.sana.sy\/tr\/?p=86214","title":{"rendered":"Dera\u2019da askeri kaynak \u0130srail destekli ter\u00f6ristlere y\u00f6nelik operasyonlar kapsam\u0131nda ordu birliklerimizin Dera Kentinin 4 km g\u00fcneyinin yan\u0131 s\u0131ra Garez Cezaevinin bat\u0131s\u0131 ve baraj yolu \u00fczerinde m\u00fchendisler konutlar\u0131n\u0131n g\u00fcneyinde ter\u00f6ristlerin toplanma yerlerini ate\u015fe tuttuklar\u0131n\u0131 aktard\u0131."},"content":{"rendered":"<p>Dera\u2019da askeri kaynak \u0130srail destekli ter\u00f6ristlere y\u00f6nelik operasyonlar kapsam\u0131nda ordu birliklerimizin Dera Kentinin 4 km g\u00fcneyinin yan\u0131 s\u0131ra Garez Cezaevinin bat\u0131s\u0131 ve baraj yolu \u00fczerinde m\u00fchendisler konutlar\u0131n\u0131n g\u00fcneyinde ter\u00f6ristlerin toplanma yerlerini ate\u015fe tuttuklar\u0131n\u0131 aktard\u0131.<\/p>\n","protected":false},"excerpt":{"rendered":"<p>Dera\u2019da askeri kaynak \u0130srail destekli ter\u00f6ristlere y\u00f6nelik operasyonlar kapsam\u0131nda ordu birliklerimizin Dera Kentinin 4 km g\u00fcneyinin yan\u0131 s\u0131ra Garez Cezaevinin bat\u0131s\u0131 ve baraj yolu \u00fczerinde m\u00fchendisler konutlar\u0131n\u0131n g\u00fcneyinde ter\u00f6ristlerin toplanma yerlerini ate\u015fe tuttuklar\u0131n\u0131 aktard\u0131.<\/p>\n","protected":false},"author":1,"featured_media":0,"comment_status":"closed","ping_status":"closed","sticky":false,"template":"","format":"standard","meta":{"footnotes":""},"categories":[17991],"tags":[],"class_list":["post-86214","post","type-post","status-publish","format-standard","","category-son-dakika"],"_links":{"self":[{"href":"https:\/\/archive.sana.sy\/tr\/index.php?rest_route=\/wp\/v2\/posts\/86214","targetHints":{"allow":["GET"]}}],"collection":[{"href":"https:\/\/archive.sana.sy\/tr\/index.php?rest_route=\/wp\/v2\/posts"}],"about":[{"href":"https:\/\/archive.sana.sy\/tr\/index.php?rest_route=\/wp\/v2\/types\/post"}],"author":[{"embeddable":true,"href":"https:\/\/archive.sana.sy\/tr\/index.php?rest_route=\/wp\/v2\/users\/1"}],"replies":[{"embeddable":true,"href":"https:\/\/archive.sana.sy\/tr\/index.php?rest_route=%2Fwp%2Fv2%2Fcomments&post=86214"}],"version-history":[{"count":0,"href":"https:\/\/archive.sana.sy\/tr\/index.php?rest_route=\/wp\/v2\/posts\/86214\/revisions"}],"wp:attachment":[{"href":"https:\/\/archive.sana.sy\/tr\/index.php?rest_route=%2Fwp%2Fv2%2Fmedia&parent=86214"}],"wp:term":[{"taxonomy":"category","embeddable":true,"href":"https:\/\/archive.sana.sy\/tr\/index.php?rest_route=%2Fwp%2Fv2%2Fcategories&post=86214"},{"taxonomy":"post_tag","embeddable":true,"href":"https:\/\/archive.sana.sy\/tr\/index.php?rest_route=%2Fwp%2Fv2%2Ftags&post=86214"}],"curies":[{"name":"wp","href":"https:\/\/api.w.org\/{rel}","templated":true}]}}