{"id":8628,"date":"2014-08-31T13:20:52","date_gmt":"2014-08-31T10:20:52","guid":{"rendered":"http:\/\/www.sana.sy\/tr\/?p=8628"},"modified":"2014-08-31T15:15:52","modified_gmt":"2014-08-31T12:15:52","slug":"isid-teroristleri-4-vatandasi-oldurerek-carmiha-asti","status":"publish","type":"post","link":"https:\/\/archive.sana.sy\/tr\/?p=8628","title":{"rendered":"I\u015e\u0130D Ter\u00f6ristleri 4 Vatanda\u015f\u0131 \u00d6ld\u00fcrerek \u00c7arm\u0131ha Ast\u0131"},"content":{"rendered":"<p>DEYREZZOR \u2013 S\u00f6zde Irak ve \u015eam \u0130slam Devleti I\u015e\u0130D adl\u0131 ter\u00f6r \u00f6rg\u00fct\u00fc Deyrezzor ilinde vatanda\u015flar hakk\u0131ndaki kanl\u0131 eylemlerini s\u00fcrd\u00fcr\u00fcrken bug\u00fcn Almuhasan Beldesi ve k\u0131rsal\u0131ndaki Cedid Ukeydat K\u00f6y\u00fcnde 5 vatanda\u015f\u0131 \u00f6ld\u00fcrerek \u00e7arm\u0131ha ast\u0131.<\/p>\n<p><a href=\"http:\/\/www.sana.sy\/tr\/wp-content\/uploads\/2014\/08\/Deryrezzor-2.jpg\"><img loading=\"lazy\" decoding=\"async\" class=\"alignright wp-image-8630 size-medium\" src=\"http:\/\/www.sana.sy\/tr\/wp-content\/uploads\/2014\/08\/Deryrezzor-2-300x176.jpg\" alt=\"Deryrezzor 2\" width=\"300\" height=\"176\" srcset=\"https:\/\/archive.sana.sy\/tr\/wp-content\/uploads\/2014\/08\/Deryrezzor-2-300x176.jpg 300w, https:\/\/archive.sana.sy\/tr\/wp-content\/uploads\/2014\/08\/Deryrezzor-2-150x88.jpg 150w, https:\/\/archive.sana.sy\/tr\/wp-content\/uploads\/2014\/08\/Deryrezzor-2-1024x601.jpg 1024w\" sizes=\"auto, (max-width: 300px) 100vw, 300px\" \/><\/a>Almuhasan Belde ahalisi SANA muhabirine a\u00e7\u0131klamas\u0131nda, I\u015e\u0130D ter\u00f6ristlerinin Almuhasan Beldesinden 2 ya\u015fl\u0131 adam\u0131 \u00f6ld\u00fcrerek s\u00f6zde \u201cridde\u201d olarak adland\u0131rd\u0131klar\u0131 su\u00e7 gerek\u00e7esiyle Belde sahas\u0131nda \u00e7arm\u0131ha ast\u0131klar\u0131n\u0131 belirttiler.<\/p>\n<p>Cedid Ukeydat K\u00f6y\u00fcnde ise ahaliler SANA muhabirine, I\u015e\u0130D ter\u00f6ristlerinin 2 vatanda\u015f\u0131 g\u00f6zleri kapal\u0131 elleri ba\u011fl\u0131 olarak, ba\u015flar\u0131na ate\u015f a\u00e7malar\u0131 sonucunda \u00f6ld\u00fcrd\u00fcklerini daha sonra da k\u00f6y sahas\u0131nda \u00e7arm\u0131ha ast\u0131klar\u0131n\u0131 s\u00f6yledi.<\/p>\n<p>&nbsp;<\/p>\n","protected":false},"excerpt":{"rendered":"<p>DEYREZZOR \u2013 S\u00f6zde Irak ve \u015eam \u0130slam Devleti I\u015e\u0130D adl\u0131 ter\u00f6r \u00f6rg\u00fct\u00fc Deyrezzor ilinde vatanda\u015flar hakk\u0131ndaki kanl\u0131 eylemlerini s\u00fcrd\u00fcr\u00fcrken bug\u00fcn Almuhasan Beldesi ve k\u0131rsal\u0131ndaki Cedid Ukeydat K\u00f6y\u00fcnde 5 vatanda\u015f\u0131 \u00f6ld\u00fcrerek \u00e7arm\u0131ha ast\u0131. Almuhasan Belde ahalisi SANA muhabirine a\u00e7\u0131klamas\u0131nda, I\u015e\u0130D ter\u00f6ristlerinin Almuhasan Beldesinden 2 ya\u015fl\u0131 adam\u0131 \u00f6ld\u00fcrerek s\u00f6zde \u201cridde\u201d olarak adland\u0131rd\u0131klar\u0131 su\u00e7 gerek\u00e7esiyle Belde sahas\u0131nda \u00e7arm\u0131ha &hellip;<\/p>\n","protected":false},"author":1,"featured_media":8629,"comment_status":"closed","ping_status":"closed","sticky":false,"template":"","format":"standard","meta":{"footnotes":""},"categories":[575],"tags":[1934],"class_list":["post-8628","post","type-post","status-publish","format-standard","has-post-thumbnail","","category-olaylar-ve-gercekler","tag-isid-teroristleri-4-vatandasi-oldurerek-carmiha-asti"],"_links":{"self":[{"href":"https:\/\/archive.sana.sy\/tr\/index.php?rest_route=\/wp\/v2\/posts\/8628","targetHints":{"allow":["GET"]}}],"collection":[{"href":"https:\/\/archive.sana.sy\/tr\/index.php?rest_route=\/wp\/v2\/posts"}],"about":[{"href":"https:\/\/archive.sana.sy\/tr\/index.php?rest_route=\/wp\/v2\/types\/post"}],"author":[{"embeddable":true,"href":"https:\/\/archive.sana.sy\/tr\/index.php?rest_route=\/wp\/v2\/users\/1"}],"replies":[{"embeddable":true,"href":"https:\/\/archive.sana.sy\/tr\/index.php?rest_route=%2Fwp%2Fv2%2Fcomments&post=8628"}],"version-history":[{"count":0,"href":"https:\/\/archive.sana.sy\/tr\/index.php?rest_route=\/wp\/v2\/posts\/8628\/revisions"}],"wp:featuredmedia":[{"embeddable":true,"href":"https:\/\/archive.sana.sy\/tr\/index.php?rest_route=\/wp\/v2\/media\/8629"}],"wp:attachment":[{"href":"https:\/\/archive.sana.sy\/tr\/index.php?rest_route=%2Fwp%2Fv2%2Fmedia&parent=8628"}],"wp:term":[{"taxonomy":"category","embeddable":true,"href":"https:\/\/archive.sana.sy\/tr\/index.php?rest_route=%2Fwp%2Fv2%2Fcategories&post=8628"},{"taxonomy":"post_tag","embeddable":true,"href":"https:\/\/archive.sana.sy\/tr\/index.php?rest_route=%2Fwp%2Fv2%2Ftags&post=8628"}],"curies":[{"name":"wp","href":"https:\/\/api.w.org\/{rel}","templated":true}]}}