{"id":8632,"date":"2014-08-31T13:24:05","date_gmt":"2014-08-31T10:24:05","guid":{"rendered":"http:\/\/www.sana.sy\/tr\/?p=8632"},"modified":"2014-08-31T13:24:05","modified_gmt":"2014-08-31T10:24:05","slug":"disisleri-ve-gurbetciler-bakanliginda-yetkili-kaynak-suriye-arap-cumhuriyetinin-fransa-hukumetinin-suriyedeki-krizin-basindan-bu-yana-izledigi-dezenformasyonlu-hamlenin-fransa-baskani-franco","status":"publish","type":"post","link":"https:\/\/archive.sana.sy\/tr\/?p=8632","title":{"rendered":"D\u0131\u015fi\u015fleri ve Gurbet\u00e7iler Bakanl\u0131\u011f\u0131nda Yetkili kaynak, Suriye Arap Cumhuriyetinin Fransa h\u00fck\u00fcmetinin Suriye\u2019deki krizin ba\u015f\u0131ndan bu yana izledi\u011fi dezenformasyonlu hamlenin Fransa Ba\u015fkan\u0131 Fran\u00e7oise Holland\u2019\u0131n ayn\u0131 hamleyi \u0131srarla s\u00fcrd\u00fcrmesini k\u0131nad\u0131\u011f\u0131n\u0131 ve Suriye kan\u0131n\u0131n ak\u0131t\u0131lmas\u0131nda bu hareketin \u00fclkesini temel ortak yapt\u0131\u011f\u0131n\u0131 s\u00f6yledi."},"content":{"rendered":"<p>D\u0131\u015fi\u015fleri ve Gurbet\u00e7iler Bakanl\u0131\u011f\u0131nda Yetkili kaynak, Suriye Arap Cumhuriyetinin Fransa h\u00fck\u00fcmetinin Suriye\u2019deki krizin ba\u015f\u0131ndan bu yana izledi\u011fi dezenformasyonlu hamlenin Fransa Ba\u015fkan\u0131 Fran\u00e7oise Holland\u2019\u0131n ayn\u0131 hamleyi \u0131srarla s\u00fcrd\u00fcrmesini k\u0131nad\u0131\u011f\u0131n\u0131 ve Suriye kan\u0131n\u0131n ak\u0131t\u0131lmas\u0131nda bu hareketin \u00fclkesini temel ortak yapt\u0131\u011f\u0131n\u0131 s\u00f6yledi.<\/p>\n","protected":false},"excerpt":{"rendered":"<p>D\u0131\u015fi\u015fleri ve Gurbet\u00e7iler Bakanl\u0131\u011f\u0131nda Yetkili kaynak, Suriye Arap Cumhuriyetinin Fransa h\u00fck\u00fcmetinin Suriye\u2019deki krizin ba\u015f\u0131ndan bu yana izledi\u011fi dezenformasyonlu hamlenin Fransa Ba\u015fkan\u0131 Fran\u00e7oise Holland\u2019\u0131n ayn\u0131 hamleyi \u0131srarla s\u00fcrd\u00fcrmesini k\u0131nad\u0131\u011f\u0131n\u0131 ve Suriye kan\u0131n\u0131n ak\u0131t\u0131lmas\u0131nda bu hareketin \u00fclkesini temel ortak yapt\u0131\u011f\u0131n\u0131 s\u00f6yledi.<\/p>\n","protected":false},"author":1,"featured_media":0,"comment_status":"closed","ping_status":"closed","sticky":false,"template":"","format":"standard","meta":{"footnotes":""},"categories":[1],"tags":[1935,1936],"class_list":["post-8632","post","type-post","status-publish","format-standard","","category-news-not-sorted","tag-disisleri-ve-gurbetciler-bakanliginda-yetkili-kaynak","tag-suriye-arap-cumhuriyetinin-fransa-hukumetinin-suriyedeki-krizin-basindan-bu-yana-izledigi-dezenformasyonlu-hamlenin-fransa-baskani-francoise-hollandin-ayni-hamleyi-israrla-surdurmesi"],"_links":{"self":[{"href":"https:\/\/archive.sana.sy\/tr\/index.php?rest_route=\/wp\/v2\/posts\/8632","targetHints":{"allow":["GET"]}}],"collection":[{"href":"https:\/\/archive.sana.sy\/tr\/index.php?rest_route=\/wp\/v2\/posts"}],"about":[{"href":"https:\/\/archive.sana.sy\/tr\/index.php?rest_route=\/wp\/v2\/types\/post"}],"author":[{"embeddable":true,"href":"https:\/\/archive.sana.sy\/tr\/index.php?rest_route=\/wp\/v2\/users\/1"}],"replies":[{"embeddable":true,"href":"https:\/\/archive.sana.sy\/tr\/index.php?rest_route=%2Fwp%2Fv2%2Fcomments&post=8632"}],"version-history":[{"count":0,"href":"https:\/\/archive.sana.sy\/tr\/index.php?rest_route=\/wp\/v2\/posts\/8632\/revisions"}],"wp:attachment":[{"href":"https:\/\/archive.sana.sy\/tr\/index.php?rest_route=%2Fwp%2Fv2%2Fmedia&parent=8632"}],"wp:term":[{"taxonomy":"category","embeddable":true,"href":"https:\/\/archive.sana.sy\/tr\/index.php?rest_route=%2Fwp%2Fv2%2Fcategories&post=8632"},{"taxonomy":"post_tag","embeddable":true,"href":"https:\/\/archive.sana.sy\/tr\/index.php?rest_route=%2Fwp%2Fv2%2Ftags&post=8632"}],"curies":[{"name":"wp","href":"https:\/\/api.w.org\/{rel}","templated":true}]}}