{"id":8636,"date":"2014-08-31T14:03:01","date_gmt":"2014-08-31T11:03:01","guid":{"rendered":"http:\/\/www.sana.sy\/tr\/?p=8636"},"modified":"2014-09-01T15:23:38","modified_gmt":"2014-09-01T12:23:38","slug":"hollandin-suriyeye-karsi-dezenformasyonlu-hamlesini-surdurmesi-kinandi","status":"publish","type":"post","link":"https:\/\/archive.sana.sy\/tr\/?p=8636","title":{"rendered":"Holland\u2019\u0131n Suriye\u2019ye Kar\u015f\u0131 Dezenformasyonlu Hamlesini S\u00fcrd\u00fcrmesi K\u0131nand\u0131"},"content":{"rendered":"<p>\u015eAM &#8211; D\u0131\u015fi\u015fleri ve Gurbet\u00e7iler Bakanl\u0131\u011f\u0131nda Yetkili kaynak, Suriye Arap Cumhuriyetinin Fransa h\u00fck\u00fcmetinin Suriye\u2019deki krizin ba\u015f\u0131ndan bu yana izledi\u011fi dezenformasyonlu hamlenin Fransa Ba\u015fkan\u0131 Fran\u00e7oise Holland\u2019\u0131n ayn\u0131 hamleyi \u0131srarla s\u00fcrd\u00fcrmesini k\u0131nad\u0131\u011f\u0131n\u0131 ve \u00fclkesinin Suriye kan\u0131n\u0131n ak\u0131t\u0131lmas\u0131nda temel ortak yapt\u0131\u011f\u0131n\u0131 \u00f6zellikle de Holland\u2019\u0131n kendisinin bir ka\u00e7 g\u00fcn \u00f6nce Suriye\u2019deki ter\u00f6rist gruplar\u0131 silahland\u0131rd\u0131\u011f\u0131n\u0131 itiraf etti\u011fini s\u00f6yledi.<\/p>\n<p>Kaynak SANA\u2019ya a\u00e7\u0131klamas\u0131nda, Suriye\u2019nin b\u00f6lgesel ve uluslararas\u0131 g\u00fc\u00e7ler taraf\u0131ndan destekli tekfiri silahl\u0131 ter\u00f6r \u00f6rg\u00fctleri taraf\u0131ndan \u00e7irkef bir sava\u015fa maruz kald\u0131\u011f\u0131n\u0131n b\u00fct\u00fcn herkes\u00e7e bilinir oldu\u011funu, bu deste\u011fin de krizin \u00f6mr\u00fcn\u00fc uzatma ve silahl\u0131 ter\u00f6r gruplar\u0131n\u0131n b\u00f6lge \u00fclkeleri ve haricine uzanmas\u0131n\u0131n temel sebebini olu\u015fturdu\u011funu s\u00f6yledi.<\/p>\n<p>Kaynak, Suriye\u2019nin b\u00f6lgesel ve uluslararas\u0131 istikrar ve bar\u0131\u015f\u0131na tehdit olu\u015fturmas\u0131 itibariyle ter\u00f6rle m\u00fccadelede uluslararas\u0131 ve b\u00f6lgesel i\u015fbirli\u011fine haz\u0131r oldu\u011funu ilan etti\u011fini, silahl\u0131 ter\u00f6r \u00f6rg\u00fctlerine her t\u00fcrl\u00fc deste\u011fi sunan \u00fclkelere d\u00fc\u015fen g\u00f6revin ise izledi\u011fi yolu bir kez daha g\u00f6zden ge\u00e7irmeleri gerekti\u011fini ve 2170 say\u0131l\u0131 uluslararas\u0131 g\u00fcvenlik konseyi karar\u0131na ba\u011fl\u0131 kalmalar\u0131n\u0131 gerektirdi\u011fini ifade etti.<\/p>\n<p>Kaynak, Fransa kamuoyunun 5. Cumhuriyet tarihinde pop\u00fclaritesi en az olan Ba\u015fkan Holland\u2019\u0131n politikalar\u0131n\u0131 k\u0131nad\u0131\u011f\u0131n\u0131, kendini adalet ve insan haklar\u0131 savunucusu ile uluslararas\u0131 bar\u0131\u015f ve g\u00fcvenlikten s\u00f6z etmesi gerek son ki\u015fi yapt\u0131\u011f\u0131n\u0131 dile getirerek a\u00e7\u0131klamas\u0131n\u0131 bitirdi.<\/p>\n<p>&nbsp;<\/p>\n","protected":false},"excerpt":{"rendered":"<p>\u015eAM &#8211; D\u0131\u015fi\u015fleri ve Gurbet\u00e7iler Bakanl\u0131\u011f\u0131nda Yetkili kaynak, Suriye Arap Cumhuriyetinin Fransa h\u00fck\u00fcmetinin Suriye\u2019deki krizin ba\u015f\u0131ndan bu yana izledi\u011fi dezenformasyonlu hamlenin Fransa Ba\u015fkan\u0131 Fran\u00e7oise Holland\u2019\u0131n ayn\u0131 hamleyi \u0131srarla s\u00fcrd\u00fcrmesini k\u0131nad\u0131\u011f\u0131n\u0131 ve \u00fclkesinin Suriye kan\u0131n\u0131n ak\u0131t\u0131lmas\u0131nda temel ortak yapt\u0131\u011f\u0131n\u0131 \u00f6zellikle de Holland\u2019\u0131n kendisinin bir ka\u00e7 g\u00fcn \u00f6nce Suriye\u2019deki ter\u00f6rist gruplar\u0131 silahland\u0131rd\u0131\u011f\u0131n\u0131 itiraf etti\u011fini s\u00f6yledi. Kaynak SANA\u2019ya &hellip;<\/p>\n","protected":false},"author":1,"featured_media":8637,"comment_status":"closed","ping_status":"closed","sticky":false,"template":"","format":"standard","meta":{"footnotes":""},"categories":[447],"tags":[1937],"class_list":["post-8636","post","type-post","status-publish","format-standard","has-post-thumbnail","","category-politika","tag-hollandin-suriyeye-karsi-dezenformasyonlu-hamlesini-surdurmesi-kinandi"],"_links":{"self":[{"href":"https:\/\/archive.sana.sy\/tr\/index.php?rest_route=\/wp\/v2\/posts\/8636","targetHints":{"allow":["GET"]}}],"collection":[{"href":"https:\/\/archive.sana.sy\/tr\/index.php?rest_route=\/wp\/v2\/posts"}],"about":[{"href":"https:\/\/archive.sana.sy\/tr\/index.php?rest_route=\/wp\/v2\/types\/post"}],"author":[{"embeddable":true,"href":"https:\/\/archive.sana.sy\/tr\/index.php?rest_route=\/wp\/v2\/users\/1"}],"replies":[{"embeddable":true,"href":"https:\/\/archive.sana.sy\/tr\/index.php?rest_route=%2Fwp%2Fv2%2Fcomments&post=8636"}],"version-history":[{"count":0,"href":"https:\/\/archive.sana.sy\/tr\/index.php?rest_route=\/wp\/v2\/posts\/8636\/revisions"}],"wp:featuredmedia":[{"embeddable":true,"href":"https:\/\/archive.sana.sy\/tr\/index.php?rest_route=\/wp\/v2\/media\/8637"}],"wp:attachment":[{"href":"https:\/\/archive.sana.sy\/tr\/index.php?rest_route=%2Fwp%2Fv2%2Fmedia&parent=8636"}],"wp:term":[{"taxonomy":"category","embeddable":true,"href":"https:\/\/archive.sana.sy\/tr\/index.php?rest_route=%2Fwp%2Fv2%2Fcategories&post=8636"},{"taxonomy":"post_tag","embeddable":true,"href":"https:\/\/archive.sana.sy\/tr\/index.php?rest_route=%2Fwp%2Fv2%2Ftags&post=8636"}],"curies":[{"name":"wp","href":"https:\/\/api.w.org\/{rel}","templated":true}]}}