{"id":8639,"date":"2014-08-31T17:40:12","date_gmt":"2014-08-31T14:40:12","guid":{"rendered":"http:\/\/www.sana.sy\/tr\/?p=8639"},"modified":"2014-09-01T13:16:19","modified_gmt":"2014-09-01T10:16:19","slug":"ordunun-buyuk-operasyonlari-basarilarla-suruyor","status":"publish","type":"post","link":"https:\/\/archive.sana.sy\/tr\/?p=8639","title":{"rendered":"Ordunun B\u00fcy\u00fck Operasyonlar\u0131 Ba\u015far\u0131larla S\u00fcr\u00fcyor"},"content":{"rendered":"<p>\u0130LLER \u2013 Kahraman ordumuzun silahl\u0131 ve kiral\u0131k ter\u00f6ristlere y\u00f6nelik operasyonlar\u0131ndaki b\u00fcy\u00fck ilerlemeler s\u00fcrerken \u00e7ok say\u0131da ter\u00f6rist toplanma merkezi ve h\u00fccresiyle birlikte ellerindeki silah ve cephane imha edildi.<\/p>\n<div style=\"width: 618px;\" class=\"wp-video\"><!--[if lt IE 9]><script>document.createElement('video');<\/script><![endif]-->\n<video class=\"wp-video-shortcode\" id=\"video-8639-1\" width=\"618\" height=\"348\" preload=\"metadata\" controls=\"controls\"><source type=\"video\/x-flv\" src=\"http:\/\/www.sana.sy\/tr\/wp-content\/uploads\/2014\/08\/\u062c\u0648\u0628\u0631-31-8-2014.flv?_=1\" \/><a href=\"http:\/\/www.sana.sy\/tr\/wp-content\/uploads\/2014\/08\/\u062c\u0648\u0628\u0631-31-8-2014.flv\">http:\/\/www.sana.sy\/tr\/wp-content\/uploads\/2014\/08\/\u062c\u0648\u0628\u0631-31-8-2014.flv<\/a><\/video><\/div>\n<p><span style=\"color: #0000ff\">\u015eam K\u0131rsal\u0131nda Ter\u00f6ristlerin S\u0131zma Giri\u015fimleri \u00c7\u00f6kertildi<\/span><\/p>\n<p>Askeri kaynak, ordu birliklerimizin \u015eam K\u0131rsal\u0131 Han el \u015eih B\u00f6lgesinin el Selam Otoban\u0131 do\u011fusunda ter\u00f6ristlerin s\u0131zma giri\u015fimlerini \u00e7\u00f6kerttiklerini, bir\u00e7ok\u00a0ter\u00f6risti de \u00f6l\u00fc ve yaral\u0131 d\u00fc\u015f\u00fcrd\u00fcklerini s\u00f6yledi.<\/p>\n<p>Askeri kaynak ordu birliklerimizin \u015eam k\u0131rsal\u0131n\u0131n g\u00fcneydo\u011fusunda Han el \u015eih\u2019in bir\u00e7ok b\u00f6lgesine ilaveten H\u00fcseyniye \u00c7iftliklerinde bir\u00e7ok ter\u00f6r yuvas\u0131 ve karargah\u0131n\u0131 muhtevalar\u0131yla tahrip ederek \u00e7ok say\u0131da ter\u00f6risti \u00f6l\u00fc yaral\u0131 d\u00fc\u015f\u00fcrd\u00fcklerini belirtti.<\/p>\n<p><span style=\"color: #0000ff\">Kunaytra K\u0131rsal\u0131nda \u00c7ok Say\u0131da Ara\u00e7lar\u0131 \u0130mha Edildi<\/span><\/p>\n<p>Askeri kaynak ordu birliklerimizin Kunaytra k\u0131rsal\u0131n\u0131n Bat\u0131 Samadaniye, Um Batina, Breyka, Ayn el Darb\u2019\u0131n do\u011fusu, Tel Krum Ceba, Macdulya ormanl\u0131k alanlar\u0131, Acraf ve Biir Acem b\u00f6lgelerinde aralar\u0131nda yabanc\u0131lar\u0131n bulundu\u011fu onlarca tekfirci ve haini \u00f6l\u00fc d\u00fc\u015f\u00fcr\u00fcrken bir k\u0131sm\u0131 a\u011f\u0131r makineli silahlarla donat\u0131lm\u0131\u015f 10 ara\u00e7lar\u0131n\u0131 da imha ettiklerini belirtti.<\/p>\n<p>Kaynak ordu birliklerimizin ayr\u0131ca Ruveyhiniye \u2013 Um Batina karayolu \u00fczerinde ter\u00f6ristlerin bir ara\u00e7 konvoylar\u0131n\u0131 ta\u015f\u0131d\u0131\u011f\u0131 ter\u00f6ristler ve cephaneyle birlikte imha ettiklerini aktar\u0131rken Um Batina, Ard el Mu\u015frife ve Resm el \u015euvli b\u00f6lgelerinde de ara\u00e7lar\u0131n\u0131n topland\u0131\u011f\u0131 ter\u00f6r yuvalar\u0131n\u0131 da imha ettiklerini s\u00f6ylerken operasyonlarda \u00e7ok say\u0131da ter\u00f6ristin \u00f6l\u00fc yaral\u0131 d\u00fc\u015f\u00fcr\u00fcld\u00fcklerini s\u00f6zlerine ekledi.<\/p>\n<p>Um el \u0130zam \u2013 Um Batina istikametinde ter\u00f6ristlere ait yine \u00e7ok say\u0131da arac\u0131n ta\u015f\u0131d\u0131\u011f\u0131 ter\u00f6ristler ve cephaneyle birlikte imha edildi\u011fini s\u00f6yleyen kaynak; Kunaytra Kentinde de bir\u00e7ok ter\u00f6r yuvas\u0131 ve karargah\u0131n muhtevalar\u0131yla imha edildi\u011fini aktard\u0131.<\/p>\n<p>Askeri kaynak ordu birliklerimizin Kunaytra k\u0131rsal\u0131n\u0131n Resm el Havalid B\u00f6lgesinde ter\u00f6r karargahlar\u0131n\u0131 hedef alarak onlarcas\u0131n\u0131 \u00f6l\u00fc yaral\u0131 d\u00fc\u015f\u00fcrd\u00fcklerini belirtti.<\/p>\n<p><span style=\"color: #0000ff\">Halep K\u0131rsal\u0131nda 6 Ara\u00e7 Ter\u00f6ristlerle Birlikte Etkisiz Hale Getirildi<\/span><\/p>\n<p>Kaynak, ordu birliklerimizin Halep ve k\u0131rsal\u0131n\u0131n Havac\u0131l\u0131k Enstit\u00fcs\u00fc \u00e7evresi, El Neyreb havaalan\u0131, Sanyi B\u00f6lgesi, \u015eukeyf, Kurum Azize, Tel Karah, Tel Neam, Tel \u015eair, Kad\u0131 Asker ve Bustan el Kasr\u2019da ter\u00f6ristlerin toplanma merkezleri ve h\u00fccrelerinin i\u00e7indeki silah ve cephaneyle imha edildi\u011fini \u00e7ok say\u0131da ter\u00f6ristin \u00f6l\u00fc ve yaral\u0131 d\u00fc\u015f\u00fcr\u00fcld\u00fc\u011f\u00fcn\u00fc ifade etti.<\/p>\n<p>Askeri kaynak, ordu birliklerimizin Halep k\u0131rsal\u0131n\u0131n Zekvaniye ve Han el Asel\u2019de baz\u0131lar\u0131 a\u011f\u0131r taramal\u0131 silahlarla donat\u0131lm\u0131\u015f 6 arac\u0131 i\u00e7indeki ter\u00f6ristlerle birlikte etkisiz hale getirdiklerini, bir di\u011fer birli\u011fimizin Halep Bustan el Ba\u015fa\u2019da bir ter\u00f6r grubunun b\u00fcy\u00fck \u00e7o\u011funlu\u011funu \u00f6ld\u00fcrd\u00fcklerini ifade etti.<\/p>\n<p><span style=\"color: #0000ff\">Homs\u2019ta Ter\u00f6ristlerin S\u0131zma Giri\u015fimleri \u00c7\u00f6kertildi<\/span><\/p>\n<p>Askeri kaynak ordu birliklerimizin Homs k\u0131rsal\u0131nda Ter\u00f6ristlerin Ganto K\u00f6y\u00fcnden Cebburin K\u00f6y\u00fcne do\u011fru s\u0131zma giri\u015fimlerini \u00e7\u00f6kerttiklerini baz\u0131 ter\u00f6ristleri de \u00f6l\u00fc ve yaral\u0131 d\u00fc\u015f\u00fcrd\u00fcklerini belirtti.<\/p>\n<p>Kaynak, ordu birliklerimizin Selam \u015earki ve Sultaniye K\u00f6yleri aras\u0131nda baz\u0131 ter\u00f6ristleri \u00f6ld\u00fcrd\u00fcklerini Homs do\u011fu k\u0131rsal\u0131 Selam \u015earki K\u00f6y\u00fc g\u00fcneyinde korunma eylemlerinde kulland\u0131klar\u0131 bir dozerlerini de etkisiz hale getirdiklerini s\u00f6yledi.<\/p>\n<p>Kaynak, birliklerimizin Homs el Vaar Semtinden el Harap K\u00f6pr\u00fcs\u00fc ve el Guta bostanl\u0131klar\u0131na do\u011fru ter\u00f6ristlerin s\u0131zma giri\u015fimlerini \u00e7\u00f6kerterek \u00e7ok say\u0131da ter\u00f6risti \u00f6l\u00fc ve yaral\u0131 d\u00fc\u015f\u00fcrd\u00fcklerini s\u00f6yledi.<\/p>\n<p><span style=\"color: #0000ff\">\u0130dlib K\u0131rsal\u0131nda Ter\u00f6r H\u00fccreleri \u00c7\u00f6kertildi<\/span><\/p>\n<p>Askeri kaynak ordu birliklerimizin \u0130dlib k\u0131rsal\u0131n\u0131n Beyder \u015eemso, Serakib, Serce ve Maarrat el Numan\u2019da ter\u00f6ristlere ait yuva\u00a0ve toplanma merkezlerini imha ederek \u00e7ok say\u0131da ter\u00f6risti \u00f6l\u00fc ve yaral\u0131 d\u00fc\u015f\u00fcrd\u00fcklerini, aktar\u0131rken aralar\u0131nda yabanc\u0131lar\u0131n bulundu\u011fu onlarca ter\u00f6risti ara\u00e7 ve silahlar\u0131yla etkisiz hale getirdiklerini s\u00f6yledi.<\/p>\n<p>Kaynak\u00a0bir di\u011fer birli\u011fimizin de Ebu el Duhur Havaalan\u0131 g\u00fcneybat\u0131s\u0131nda ki Tel Selmo K\u00f6y\u00fcnde ter\u00f6ristlerin uzaktan kumandal\u0131 cihazlarla havaya u\u00e7urmak \u00fczere yerle\u015ftirdikleri ortalama a\u011f\u0131rl\u0131klar\u0131 80 kg olan bir\u00e7ok bomba d\u00fczene\u011fini etkisiz hale getirdiklerini ifade etti.<\/p>\n<p>\u0130dlib k\u0131rsal\u0131nda \u0130dlib Harem karayolu \u00fczerinde ter\u00f6ristleri hedef alan ordu birliklerimiz aralar\u0131nda yabanc\u0131 ve eleba\u015flar\u0131n bulundu\u011fu \u00e7ok say\u0131da ter\u00f6risti etkisiz hale getirirken, b\u00fcy\u00fck miktarda silah ve m\u00fchimmat\u0131n yan\u0131 s\u0131ra bombal\u0131 mutfak t\u00fcplerinin depoland\u0131\u011f\u0131 bir cephaneleri, bir z\u0131rhl\u0131 ara\u00e7lar\u0131 ve a\u011f\u0131r makineli silahla donat\u0131lm\u0131\u015f 2 ara\u00e7lar\u0131n\u0131 da imha etti.<\/p>\n<p>Ordu birliklerimiz ayr\u0131ca yine \u0130dlib k\u0131rsal\u0131n\u0131n Kovrin Beldesine ilaveten Hmeydiye civar\u0131 ve el Dayf Vadisinde ter\u00f6ristleri say\u0131 ve te\u00e7hizatlar\u0131yla a\u011f\u0131r kay\u0131plara u\u011fratt\u0131.<\/p>\n<p><span style=\"color: #0000ff\">Dera ve K\u0131rsal\u0131nda H\u00fccreleriyle Birlikte Ter\u00f6ristler \u00c7\u00f6kertildi<\/span><\/p>\n<p>Askeri kaynak, ordu birliklerimizin Dera Beled\u2019in \u015eeriat Okulu g\u00fcneyinde, Syriatel binas\u0131 yak\u0131nlar\u0131nda, Medyac\u0131lar binas\u0131, Yermuk Okulu \u00e7evresi, el Benin Okulu do\u011fusu ve \u00d6meri Camiinin \u00e7evresinde ter\u00f6ristlere ait h\u00fccrelerin imha edilerek \u00e7ok say\u0131da ter\u00f6ristin \u00f6l\u00fc ve yaral\u0131 d\u00fc\u015f\u00fcr\u00fcld\u00fcklerini ellerindeki silah ve cephanenin de imha edildi\u011fini s\u00f6yledi.<\/p>\n<p>Kaynak, ordu birliklerimizin Dera k\u0131rsal\u0131n\u0131n el Hirak kenti, Ezra Beldesi kav\u015fa\u011f\u0131, Harab el \u015eahm \u2013 Yaduda yolu, Tel el H\u0131d\u0131r\u2019\u0131n bat\u0131s\u0131, Dael Beldesi, Hurbat el Mleyha, Semlin- Zemrin kav\u015fa\u011f\u0131 ve Anhel Beldesinde ter\u00f6ristlerin toplanma merkezlerinin hedef al\u0131nd\u0131\u011f\u0131n\u0131 \u00e7ok say\u0131da ter\u00f6ristin \u00f6l\u00fc ve yaral\u0131 d\u00fc\u015f\u00fcr\u00fcld\u00fc\u011f\u00fcn\u00fc Cabiye-Neva yolunda i\u00e7indeki ter\u00f6ristlerle birlikte bir arac\u0131n etkisiz hale getirildi\u011fine i\u015faret etti.<\/p>\n","protected":false},"excerpt":{"rendered":"<p>\u0130LLER \u2013 Kahraman ordumuzun silahl\u0131 ve kiral\u0131k ter\u00f6ristlere y\u00f6nelik operasyonlar\u0131ndaki b\u00fcy\u00fck ilerlemeler s\u00fcrerken \u00e7ok say\u0131da ter\u00f6rist toplanma merkezi ve h\u00fccresiyle birlikte ellerindeki silah ve cephane imha edildi. \u015eam K\u0131rsal\u0131nda Ter\u00f6ristlerin S\u0131zma Giri\u015fimleri \u00c7\u00f6kertildi Askeri kaynak, ordu birliklerimizin \u015eam K\u0131rsal\u0131 Han el \u015eih B\u00f6lgesinin el Selam Otoban\u0131 do\u011fusunda ter\u00f6ristlerin s\u0131zma giri\u015fimlerini \u00e7\u00f6kerttiklerini, bir\u00e7ok\u00a0ter\u00f6risti de \u00f6l\u00fc ve &hellip;<\/p>\n","protected":false},"author":1,"featured_media":8604,"comment_status":"closed","ping_status":"closed","sticky":false,"template":"","format":"standard","meta":{"footnotes":""},"categories":[575],"tags":[1938],"class_list":["post-8639","post","type-post","status-publish","format-standard","has-post-thumbnail","","category-olaylar-ve-gercekler","tag-ordunun-buyuk-operasyonlari-basarilarla-suruyor"],"_links":{"self":[{"href":"https:\/\/archive.sana.sy\/tr\/index.php?rest_route=\/wp\/v2\/posts\/8639","targetHints":{"allow":["GET"]}}],"collection":[{"href":"https:\/\/archive.sana.sy\/tr\/index.php?rest_route=\/wp\/v2\/posts"}],"about":[{"href":"https:\/\/archive.sana.sy\/tr\/index.php?rest_route=\/wp\/v2\/types\/post"}],"author":[{"embeddable":true,"href":"https:\/\/archive.sana.sy\/tr\/index.php?rest_route=\/wp\/v2\/users\/1"}],"replies":[{"embeddable":true,"href":"https:\/\/archive.sana.sy\/tr\/index.php?rest_route=%2Fwp%2Fv2%2Fcomments&post=8639"}],"version-history":[{"count":0,"href":"https:\/\/archive.sana.sy\/tr\/index.php?rest_route=\/wp\/v2\/posts\/8639\/revisions"}],"wp:featuredmedia":[{"embeddable":true,"href":"https:\/\/archive.sana.sy\/tr\/index.php?rest_route=\/wp\/v2\/media\/8604"}],"wp:attachment":[{"href":"https:\/\/archive.sana.sy\/tr\/index.php?rest_route=%2Fwp%2Fv2%2Fmedia&parent=8639"}],"wp:term":[{"taxonomy":"category","embeddable":true,"href":"https:\/\/archive.sana.sy\/tr\/index.php?rest_route=%2Fwp%2Fv2%2Fcategories&post=8639"},{"taxonomy":"post_tag","embeddable":true,"href":"https:\/\/archive.sana.sy\/tr\/index.php?rest_route=%2Fwp%2Fv2%2Ftags&post=8639"}],"curies":[{"name":"wp","href":"https:\/\/api.w.org\/{rel}","templated":true}]}}