{"id":86398,"date":"2016-09-04T16:07:54","date_gmt":"2016-09-04T13:07:54","guid":{"rendered":"http:\/\/www.sana.sy\/tr\/?p=86398"},"modified":"2016-09-05T15:54:32","modified_gmt":"2016-09-05T12:54:32","slug":"halklarin-degil-hukumetlerin-cikarlarini-kollayan-ajandalara-sahipler","status":"publish","type":"post","link":"https:\/\/archive.sana.sy\/tr\/?p=86398","title":{"rendered":"Halklar\u0131n De\u011fil, H\u00fck\u00fcmetlerin \u00c7\u0131karlar\u0131n\u0131 Kollayan Ajandalara Sahipler"},"content":{"rendered":"<p>\u015eAM \u2013 Cumhurba\u015fkan\u0131 el Esad \u0130ngiltere Avam Kamaras\u0131 ve Lordlar Kamaras\u0131nda \u00fcyelerin yan\u0131 s\u0131ra akademisyenler ve din adamlar\u0131ndan olu\u015fan \u0130ngiliz bir heyeti kabul etti.<\/p>\n<p>Suriye&#8217;nin maruz kald\u0131\u011f\u0131 ter\u00f6r ve son durumlar\u0131n ele al\u0131nd\u0131\u011f\u0131 g\u00f6r\u00fc\u015fmede b\u00f6lge devletleri ve t\u00fcm d\u00fcnyaya yay\u0131lmaya ba\u015flayan radikallik ve ter\u00f6r tehlikesine kar\u015f\u0131 koyma yollar\u0131 da tart\u0131\u015f\u0131ld\u0131.<\/p>\n<p><img loading=\"lazy\" decoding=\"async\" class=\"alignright wp-image-86402 size-medium\" src=\"http:\/\/www.sana.sy\/tr\/wp-content\/uploads\/2016\/09\/OFL_7315-300x161.jpg\" alt=\"OFL_7315\" width=\"300\" height=\"161\" srcset=\"https:\/\/archive.sana.sy\/tr\/wp-content\/uploads\/2016\/09\/OFL_7315-300x161.jpg 300w, https:\/\/archive.sana.sy\/tr\/wp-content\/uploads\/2016\/09\/OFL_7315-150x80.jpg 150w, https:\/\/archive.sana.sy\/tr\/wp-content\/uploads\/2016\/09\/OFL_7315-768x411.jpg 768w, https:\/\/archive.sana.sy\/tr\/wp-content\/uploads\/2016\/09\/OFL_7315-1024x548.jpg 1024w, https:\/\/archive.sana.sy\/tr\/wp-content\/uploads\/2016\/09\/OFL_7315-310x165.jpg 310w\" sizes=\"auto, (max-width: 300px) 100vw, 300px\" \/>Cumhurba\u015fkan\u0131 el Esad d\u00fcnyan\u0131n bu s\u00fcre\u00e7 i\u00e7inde maruz kald\u0131\u011f\u0131 en b\u00fcy\u00fck tehlikenin, radikal ve tekfirci ideolojinin b\u00f6lge ve d\u0131\u015f\u0131nda toplumlar\u0131n i\u00e7ine s\u0131zmas\u0131 oldu\u011funu kaydetti. Avrupa ve genel olarak t\u00fcm Bat\u0131da bir\u00e7ok b\u00f6lgeyi hedef alan ter\u00f6r eylemlerinin de bu ba\u011flamda geldi\u011fine dikkat \u00e7eken el Esad; ter\u00f6rle m\u00fccadelenin sadece sahada olmad\u0131\u011f\u0131n\u0131 ifade etti. El Esad ter\u00f6rle m\u00fccadelenin ayn\u0131 zamanda ne s\u0131n\u0131r ne de toplum tan\u0131mayan karanl\u0131k radikal ideoloji ile m\u00fccadeleyi gerektirdi\u011finin alt\u0131n\u0131 \u00e7izdi.<\/p>\n<p>Yabanc\u0131 heyetlerin Suriye&#8217;yi ziyaret edip durumlar\u0131 yak\u0131ndan g\u00f6rmelerinin ger\u00e7e\u011fi kendi toplumlar\u0131na ve devletlerine aktarmalar\u0131nda b\u00fcy\u00fck \u00f6nem ta\u015f\u0131d\u0131\u011f\u0131na i\u015faret eden el Esad; bunun ayn\u0131 zamanda siyasi ama\u00e7l\u0131 dezenformasyonu s\u0131n\u0131rlama ve ger\u00e7ekleri de\u015fifre etme ba\u011flam\u0131nda da \u00f6nem ta\u015f\u0131d\u0131\u011f\u0131n\u0131 s\u00f6yledi. El Esad Bat\u0131l\u0131 bir\u00e7ok medya arac\u0131n\u0131n halklar\u0131 kand\u0131rd\u0131\u011f\u0131n\u0131 belirtirken bu medya ara\u00e7lar\u0131n\u0131n halklar\u0131n de\u011fil, h\u00fck\u00fcmetlerin \u00e7\u0131karlar\u0131n\u0131 kollayan siyasi ajandalara sahip olduklar\u0131na dikkat \u00e7ekti.<\/p>\n<p>\u0130ngiliz heyet \u00fcyeleri Suriye&#8217;ye ziyaretleri bu ziyaretlerinde Suriyeli vatanda\u015flar ve yetkililerle g\u00f6r\u00fc\u015fmelerinde ger\u00e7ekleri yak\u0131ndan g\u00f6rme f\u0131rsat\u0131 bulduklar\u0131n\u0131 ifade etti. Bu ger\u00e7ekleri kendi toplumlar\u0131na ta\u015f\u0131ma ve \u0130ngiliz h\u00fck\u00fcmetinin Suriye konusunda yanl\u0131\u015f vizyonunu d\u00fczeltme \u00e7abalar\u0131nda bulunacaklar\u0131n\u0131 kaydeden heyet \u00fcyeleri; Suriyelilerin ter\u00f6r eylemleri nedeniyle ya\u015fad\u0131\u011f\u0131 ac\u0131lar\u0131 aktaracaklar\u0131n\u0131 s\u00f6yledi.<\/p>\n","protected":false},"excerpt":{"rendered":"<p>\u015eAM \u2013 Cumhurba\u015fkan\u0131 el Esad \u0130ngiltere Avam Kamaras\u0131 ve Lordlar Kamaras\u0131nda \u00fcyelerin yan\u0131 s\u0131ra akademisyenler ve din adamlar\u0131ndan olu\u015fan \u0130ngiliz bir heyeti kabul etti. Suriye&#8217;nin maruz kald\u0131\u011f\u0131 ter\u00f6r ve son durumlar\u0131n ele al\u0131nd\u0131\u011f\u0131 g\u00f6r\u00fc\u015fmede b\u00f6lge devletleri ve t\u00fcm d\u00fcnyaya yay\u0131lmaya ba\u015flayan radikallik ve ter\u00f6r tehlikesine kar\u015f\u0131 koyma yollar\u0131 da tart\u0131\u015f\u0131ld\u0131. Cumhurba\u015fkan\u0131 el Esad d\u00fcnyan\u0131n bu &hellip;<\/p>\n","protected":false},"author":1,"featured_media":86399,"comment_status":"closed","ping_status":"closed","sticky":false,"template":"","format":"standard","meta":{"footnotes":""},"categories":[608,479,605,17988,478],"tags":[23676,23677],"class_list":["post-86398","post","type-post","status-publish","format-standard","has-post-thumbnail","","category-etkinlikler","category-haberler-yerel","category-sayin-cumhurbaskani","category-son-haberler","category-yerel","tag-halklarin-degil","tag-hukumetlerin-cikarlarini-kollayan-ajandalara-sahipler"],"_links":{"self":[{"href":"https:\/\/archive.sana.sy\/tr\/index.php?rest_route=\/wp\/v2\/posts\/86398","targetHints":{"allow":["GET"]}}],"collection":[{"href":"https:\/\/archive.sana.sy\/tr\/index.php?rest_route=\/wp\/v2\/posts"}],"about":[{"href":"https:\/\/archive.sana.sy\/tr\/index.php?rest_route=\/wp\/v2\/types\/post"}],"author":[{"embeddable":true,"href":"https:\/\/archive.sana.sy\/tr\/index.php?rest_route=\/wp\/v2\/users\/1"}],"replies":[{"embeddable":true,"href":"https:\/\/archive.sana.sy\/tr\/index.php?rest_route=%2Fwp%2Fv2%2Fcomments&post=86398"}],"version-history":[{"count":0,"href":"https:\/\/archive.sana.sy\/tr\/index.php?rest_route=\/wp\/v2\/posts\/86398\/revisions"}],"wp:featuredmedia":[{"embeddable":true,"href":"https:\/\/archive.sana.sy\/tr\/index.php?rest_route=\/wp\/v2\/media\/86399"}],"wp:attachment":[{"href":"https:\/\/archive.sana.sy\/tr\/index.php?rest_route=%2Fwp%2Fv2%2Fmedia&parent=86398"}],"wp:term":[{"taxonomy":"category","embeddable":true,"href":"https:\/\/archive.sana.sy\/tr\/index.php?rest_route=%2Fwp%2Fv2%2Fcategories&post=86398"},{"taxonomy":"post_tag","embeddable":true,"href":"https:\/\/archive.sana.sy\/tr\/index.php?rest_route=%2Fwp%2Fv2%2Ftags&post=86398"}],"curies":[{"name":"wp","href":"https:\/\/api.w.org\/{rel}","templated":true}]}}