{"id":8650,"date":"2014-08-31T15:10:48","date_gmt":"2014-08-31T12:10:48","guid":{"rendered":"http:\/\/www.sana.sy\/tr\/?p=8650"},"modified":"2014-08-31T15:10:48","modified_gmt":"2014-08-31T12:10:48","slug":"vail-halaki-baskanliginda-teskil-edilen-yeni-kabine-cumhurbaskani-bessar-el-esadin-huzurunda-anayasal-yemini-etti","status":"publish","type":"post","link":"https:\/\/archive.sana.sy\/tr\/?p=8650","title":{"rendered":"Vail Halaki ba\u015fkanl\u0131\u011f\u0131nda te\u015fkil edilen yeni kabine Cumhurba\u015fkan\u0131 Be\u015f\u015far el Esad\u2019\u0131n huzurunda anayasal yemini etti"},"content":{"rendered":"<p>Vail Halaki ba\u015fkanl\u0131\u011f\u0131nda te\u015fkil edilen yeni kabine Cumhurba\u015fkan\u0131 Be\u015f\u015far el Esad\u2019\u0131n huzurunda anayasal yemini etti<\/p>\n","protected":false},"excerpt":{"rendered":"<p>Vail Halaki ba\u015fkanl\u0131\u011f\u0131nda te\u015fkil edilen yeni kabine Cumhurba\u015fkan\u0131 Be\u015f\u015far el Esad\u2019\u0131n huzurunda anayasal yemini etti<\/p>\n","protected":false},"author":1,"featured_media":0,"comment_status":"closed","ping_status":"closed","sticky":false,"template":"","format":"standard","meta":{"footnotes":""},"categories":[1],"tags":[1940],"class_list":["post-8650","post","type-post","status-publish","format-standard","","category-news-not-sorted","tag-vail-halaki-baskanliginda-teskil-edilen-yeni-kabine-cumhurbaskani-bessar-el-esadin-huzurunda-anayasal-yemini-etti"],"_links":{"self":[{"href":"https:\/\/archive.sana.sy\/tr\/index.php?rest_route=\/wp\/v2\/posts\/8650","targetHints":{"allow":["GET"]}}],"collection":[{"href":"https:\/\/archive.sana.sy\/tr\/index.php?rest_route=\/wp\/v2\/posts"}],"about":[{"href":"https:\/\/archive.sana.sy\/tr\/index.php?rest_route=\/wp\/v2\/types\/post"}],"author":[{"embeddable":true,"href":"https:\/\/archive.sana.sy\/tr\/index.php?rest_route=\/wp\/v2\/users\/1"}],"replies":[{"embeddable":true,"href":"https:\/\/archive.sana.sy\/tr\/index.php?rest_route=%2Fwp%2Fv2%2Fcomments&post=8650"}],"version-history":[{"count":0,"href":"https:\/\/archive.sana.sy\/tr\/index.php?rest_route=\/wp\/v2\/posts\/8650\/revisions"}],"wp:attachment":[{"href":"https:\/\/archive.sana.sy\/tr\/index.php?rest_route=%2Fwp%2Fv2%2Fmedia&parent=8650"}],"wp:term":[{"taxonomy":"category","embeddable":true,"href":"https:\/\/archive.sana.sy\/tr\/index.php?rest_route=%2Fwp%2Fv2%2Fcategories&post=8650"},{"taxonomy":"post_tag","embeddable":true,"href":"https:\/\/archive.sana.sy\/tr\/index.php?rest_route=%2Fwp%2Fv2%2Ftags&post=8650"}],"curies":[{"name":"wp","href":"https:\/\/api.w.org\/{rel}","templated":true}]}}