{"id":86519,"date":"2016-09-05T10:04:40","date_gmt":"2016-09-05T07:04:40","guid":{"rendered":"http:\/\/www.sana.sy\/tr\/?p=86519"},"modified":"2016-09-05T10:04:40","modified_gmt":"2016-09-05T07:04:40","slug":"hama-kirsalinda-vatandaslara-saldiran-teroristlere-karsi-operasyonlarin-seyrini-inceledi-2","status":"publish","type":"post","link":"https:\/\/archive.sana.sy\/tr\/?p=86519","title":{"rendered":"Hama K\u0131rsal\u0131nda Vatanda\u015flara Sald\u0131ran Ter\u00f6ristlere Kar\u015f\u0131 Operasyonlar\u0131n Seyrini \u0130nceledi"},"content":{"rendered":"<p>Ordu ve Silahl\u0131 Kuvvetler Genel Komutan\u0131 Yard\u0131mc\u0131s\u0131 Savunma Bakan\u0131 Korgeneral Fahd Casim el Freyc Hama k\u0131rsal\u0131n\u0131n kuzeyinde \u00e7okuluslu radikal ve hain ter\u00f6re kar\u015f\u0131 vatan ve vatanda\u015flar\u0131 savunan ordu birliklerimize saha gezisinde bulundu<\/p>\n<p>https:\/\/youtu.be\/-8Obb7HShpw<\/p>\n","protected":false},"excerpt":{"rendered":"<p>Ordu ve Silahl\u0131 Kuvvetler Genel Komutan\u0131 Yard\u0131mc\u0131s\u0131 Savunma Bakan\u0131 Korgeneral Fahd Casim el Freyc Hama k\u0131rsal\u0131n\u0131n kuzeyinde \u00e7okuluslu radikal ve hain ter\u00f6re kar\u015f\u0131 vatan ve vatanda\u015flar\u0131 savunan ordu birliklerimize saha gezisinde bulundu https:\/\/youtu.be\/-8Obb7HShpw<\/p>\n","protected":false},"author":1,"featured_media":86526,"comment_status":"closed","ping_status":"closed","sticky":false,"template":"","format":"standard","meta":{"footnotes":""},"categories":[18295],"tags":[23681],"class_list":["post-86519","post","type-post","status-publish","format-standard","has-post-thumbnail","","category-sana-video","tag-hama-kirsalinda-vatandaslara-saldiran-teroristlere-karsi-operasyonlarin-seyrini-inceledi"],"_links":{"self":[{"href":"https:\/\/archive.sana.sy\/tr\/index.php?rest_route=\/wp\/v2\/posts\/86519","targetHints":{"allow":["GET"]}}],"collection":[{"href":"https:\/\/archive.sana.sy\/tr\/index.php?rest_route=\/wp\/v2\/posts"}],"about":[{"href":"https:\/\/archive.sana.sy\/tr\/index.php?rest_route=\/wp\/v2\/types\/post"}],"author":[{"embeddable":true,"href":"https:\/\/archive.sana.sy\/tr\/index.php?rest_route=\/wp\/v2\/users\/1"}],"replies":[{"embeddable":true,"href":"https:\/\/archive.sana.sy\/tr\/index.php?rest_route=%2Fwp%2Fv2%2Fcomments&post=86519"}],"version-history":[{"count":0,"href":"https:\/\/archive.sana.sy\/tr\/index.php?rest_route=\/wp\/v2\/posts\/86519\/revisions"}],"wp:featuredmedia":[{"embeddable":true,"href":"https:\/\/archive.sana.sy\/tr\/index.php?rest_route=\/wp\/v2\/media\/86526"}],"wp:attachment":[{"href":"https:\/\/archive.sana.sy\/tr\/index.php?rest_route=%2Fwp%2Fv2%2Fmedia&parent=86519"}],"wp:term":[{"taxonomy":"category","embeddable":true,"href":"https:\/\/archive.sana.sy\/tr\/index.php?rest_route=%2Fwp%2Fv2%2Fcategories&post=86519"},{"taxonomy":"post_tag","embeddable":true,"href":"https:\/\/archive.sana.sy\/tr\/index.php?rest_route=%2Fwp%2Fv2%2Ftags&post=86519"}],"curies":[{"name":"wp","href":"https:\/\/api.w.org\/{rel}","templated":true}]}}