{"id":8652,"date":"2014-08-31T15:14:55","date_gmt":"2014-08-31T12:14:55","guid":{"rendered":"http:\/\/www.sana.sy\/tr\/?p=8652"},"modified":"2014-08-31T15:14:55","modified_gmt":"2014-08-31T12:14:55","slug":"yahudi-yerlesimcilerin-otobus-duragi-yakinlarinda-bomba-patladi","status":"publish","type":"post","link":"https:\/\/archive.sana.sy\/tr\/?p=8652","title":{"rendered":"Yahudi Yerle\u015fimcilerin Otob\u00fcs Dura\u011f\u0131 Yak\u0131nlar\u0131nda Bomba Patlad\u0131"},"content":{"rendered":"<p>BATI YAKA \u2013 \u0130srail i\u015fgali alt\u0131ndaki Filistin topraklar\u0131n\u0131n Bat\u0131 Yaka Nablus Kentinin g\u00fcneyinde yahudi yerle\u015fimlere ait bir otob\u00fcs dura\u011f\u0131 yak\u0131nlar\u0131na yerle\u015ftirilen bir bomba d\u00fczene\u011fi infilak etti.<\/p>\n<p>Filistinli MAA Haber Ajans\u0131 \u0130srail medyas\u0131ndan naklen bomba d\u00fczene\u011finin patlamas\u0131yla be\u015feri hasar\u0131n olmad\u0131\u011f\u0131n\u0131, sadece basit maddi hasar\u0131n meydana geldi\u011fini aktard\u0131.<\/p>\n","protected":false},"excerpt":{"rendered":"<p>BATI YAKA \u2013 \u0130srail i\u015fgali alt\u0131ndaki Filistin topraklar\u0131n\u0131n Bat\u0131 Yaka Nablus Kentinin g\u00fcneyinde yahudi yerle\u015fimlere ait bir otob\u00fcs dura\u011f\u0131 yak\u0131nlar\u0131na yerle\u015ftirilen bir bomba d\u00fczene\u011fi infilak etti. Filistinli MAA Haber Ajans\u0131 \u0130srail medyas\u0131ndan naklen bomba d\u00fczene\u011finin patlamas\u0131yla be\u015feri hasar\u0131n olmad\u0131\u011f\u0131n\u0131, sadece basit maddi hasar\u0131n meydana geldi\u011fini aktard\u0131.<\/p>\n","protected":false},"author":1,"featured_media":8653,"comment_status":"closed","ping_status":"closed","sticky":false,"template":"","format":"standard","meta":{"footnotes":""},"categories":[458,459,447],"tags":[1941],"class_list":["post-8652","post","type-post","status-publish","format-standard","has-post-thumbnail","","category-dunya1","category-haberler-arap-uluslararasi-politika","category-politika","tag-yahudi-yerlesimcilerin-otobus-duragi-yakinlarinda-bomba-patladi"],"_links":{"self":[{"href":"https:\/\/archive.sana.sy\/tr\/index.php?rest_route=\/wp\/v2\/posts\/8652","targetHints":{"allow":["GET"]}}],"collection":[{"href":"https:\/\/archive.sana.sy\/tr\/index.php?rest_route=\/wp\/v2\/posts"}],"about":[{"href":"https:\/\/archive.sana.sy\/tr\/index.php?rest_route=\/wp\/v2\/types\/post"}],"author":[{"embeddable":true,"href":"https:\/\/archive.sana.sy\/tr\/index.php?rest_route=\/wp\/v2\/users\/1"}],"replies":[{"embeddable":true,"href":"https:\/\/archive.sana.sy\/tr\/index.php?rest_route=%2Fwp%2Fv2%2Fcomments&post=8652"}],"version-history":[{"count":0,"href":"https:\/\/archive.sana.sy\/tr\/index.php?rest_route=\/wp\/v2\/posts\/8652\/revisions"}],"wp:featuredmedia":[{"embeddable":true,"href":"https:\/\/archive.sana.sy\/tr\/index.php?rest_route=\/wp\/v2\/media\/8653"}],"wp:attachment":[{"href":"https:\/\/archive.sana.sy\/tr\/index.php?rest_route=%2Fwp%2Fv2%2Fmedia&parent=8652"}],"wp:term":[{"taxonomy":"category","embeddable":true,"href":"https:\/\/archive.sana.sy\/tr\/index.php?rest_route=%2Fwp%2Fv2%2Fcategories&post=8652"},{"taxonomy":"post_tag","embeddable":true,"href":"https:\/\/archive.sana.sy\/tr\/index.php?rest_route=%2Fwp%2Fv2%2Ftags&post=8652"}],"curies":[{"name":"wp","href":"https:\/\/api.w.org\/{rel}","templated":true}]}}