{"id":8655,"date":"2014-09-01T08:40:06","date_gmt":"2014-09-01T05:40:06","guid":{"rendered":"http:\/\/www.sana.sy\/tr\/?p=8655"},"modified":"2014-09-01T21:06:54","modified_gmt":"2014-09-01T18:06:54","slug":"yeni-kabine-esadin-huzurunda-yemin-etti","status":"publish","type":"post","link":"https:\/\/archive.sana.sy\/tr\/?p=8655","title":{"rendered":"Yemin T\u00f6reni Ard\u0131ndan el Esad Kabineye Y\u00f6nlendirmelerde Bulundu"},"content":{"rendered":"<p>\u015eAM \u2013 Vail el Halaki ba\u015fkanl\u0131\u011f\u0131nda te\u015fkil edilen yeni kabine d\u00fcn\u00a0Cumhurba\u015fkan\u0131 Be\u015f\u015far el Esad\u2019\u0131n huzurunda anayasal yemini etti.<\/p>\n<p>Yemin t\u00f6reni ard\u0131ndan kabine ile bir araya gelip y\u00f6nlendirmelerde bulunan Cumhurba\u015fkan\u0131 el Esad; yeni kabinenin yeni bir vizyon ve strateji takdim etmesi gerekti\u011fini belirtti. El Esad kabinenin ayr\u0131ca \u00fclkenin tan\u0131k oldu\u011fu t\u00fcm ko\u015fullara ra\u011fmen ge\u00e7en s\u00fcrecin olumsuzluklar\u0131n\u0131 ara\u015ft\u0131r\u0131p incelemesiyle birlikte bu olumsuzluklar\u0131 a\u015fmas\u0131 gere\u011finin alt\u0131n\u0131 \u00e7izdi.<\/p>\n<p><a href=\"http:\/\/www.sana.sy\/tr\/wp-content\/uploads\/2014\/08\/Esad1.jpg\"><img loading=\"lazy\" decoding=\"async\" class=\"alignright wp-image-8656 size-medium\" src=\"http:\/\/www.sana.sy\/tr\/wp-content\/uploads\/2014\/08\/Esad1-300x159.jpg\" alt=\"Esad\" width=\"300\" height=\"159\" srcset=\"https:\/\/archive.sana.sy\/tr\/wp-content\/uploads\/2014\/08\/Esad1-300x160.jpg 300w, https:\/\/archive.sana.sy\/tr\/wp-content\/uploads\/2014\/08\/Esad1-150x79.jpg 150w, https:\/\/archive.sana.sy\/tr\/wp-content\/uploads\/2014\/08\/Esad1.jpg 620w\" sizes=\"auto, (max-width: 300px) 100vw, 300px\" \/><\/a>Cumhurba\u015fkan\u0131 el Esad kabinenin \u00e7al\u0131\u015fmalar\u0131nda ba\u015far\u0131l\u0131 olmas\u0131n\u0131n, vatanda\u015flar\u0131n g\u00fcvenini kazanmaya dayal\u0131 oldu\u011funa dikkat \u00e7ekerken, bu ba\u011flamda kabinenin vatanda\u015flar\u0131n onur ve mant\u0131\u011f\u0131na sayg\u0131 g\u00f6stermesi, ferdi ve toplumsal d\u00fczeyde \u00e7al\u0131\u015fmalar\u0131na ortak etmesi, d\u00fcr\u00fcst ve \u015feffaf olmas\u0131 \u00f6neminin alt\u0131n\u0131 \u00e7izdi.<\/p>\n<p>Mevcut s\u00fcre\u00e7 i\u00e7inde kabinenin \u00f6n\u00fcnde ilk meydan okumay\u0131 te\u015fkil eden ve temel olarak vatanda\u015f\u0131 ilgilendiren meselenin g\u00fcvenli\u011fin sa\u011flanmas\u0131 ve ter\u00f6r \u00f6rg\u00fctlerine kar\u015f\u0131 sava\u015f oldu\u011funa dikkat \u00e7eken el Esad; Savunma Bakanl\u0131\u011f\u0131 ve ordu birliklerimizin de bu meseleyi en y\u00fcksek d\u00fczeyde bir ulusalc\u0131l\u0131kla bu meseleleri halletmeye \u00e7al\u0131\u015ft\u0131klar\u0131na vurgu yapt\u0131.<br \/>\nEl Esad ordu birliklerimizin ter\u00f6re kar\u015f\u0131 sava\u015f ve vatanda\u015flar\u0131n g\u00fcvenli\u011fini sa\u011flamada dikkat \u00e7ekici ba\u015far\u0131lar kaydetti\u011fine dikkat \u00e7ekerken, bu ba\u015far\u0131lara e\u015f zamanl\u0131 olarak bir\u00e7ok b\u00f6lgede ba\u015far\u0131s\u0131n\u0131 kan\u0131tlamas\u0131 itibar\u0131yla yurt genelinde ulusal uzla\u015fma \u00e7al\u0131\u015fmalar\u0131na b\u00fcy\u00fck \u00f6nem vermeye devam etme \u00f6neminin alt\u0131n\u0131 \u00e7izdi.<\/p>\n<p><a href=\"http:\/\/www.sana.sy\/tr\/wp-content\/uploads\/2014\/08\/Esad-2.jpg\"><img loading=\"lazy\" decoding=\"async\" class=\"alignright wp-image-8678 size-medium\" src=\"http:\/\/www.sana.sy\/tr\/wp-content\/uploads\/2014\/08\/Esad-2-300x214.jpg\" alt=\"Esad 2\" width=\"300\" height=\"214\" srcset=\"https:\/\/archive.sana.sy\/tr\/wp-content\/uploads\/2014\/08\/Esad-2-300x214.jpg 300w, https:\/\/archive.sana.sy\/tr\/wp-content\/uploads\/2014\/08\/Esad-2-150x107.jpg 150w, https:\/\/archive.sana.sy\/tr\/wp-content\/uploads\/2014\/08\/Esad-2-1024x732.jpg 1024w\" sizes=\"auto, (max-width: 300px) 100vw, 300px\" \/><\/a>Kabinenin vatanda\u015flar\u0131n temel ihtiya\u00e7lar\u0131n\u0131n ak\u0131\u015f\u0131n\u0131 temin edecek ve hizmet durumlar\u0131n\u0131n iyile\u015ftirilmesini garantileyecek yollar\u0131n aray\u0131\u015f\u0131n\u0131 s\u00fcrd\u00fcrme gere\u011fini belirten el Esad; ayn\u0131 zamanda Suriye&#8217;nin m\u00fccadelesini s\u00fcrd\u00fcrmede temel rol oynayan tar\u0131m, sanayi ve daha ba\u015fka sekt\u00f6rleri destekleme olanaklar\u0131n\u0131 peki\u015ftirmeyi s\u00fcrd\u00fcrme gere\u011finin alt\u0131n\u0131 \u00e7izdi. El Esad kamu sekt\u00f6r\u00fcn\u00fc desteklemekle birlikte idari ve anayasal kalk\u0131nmalar\u0131 s\u00fcrd\u00fcrme \u00f6nemini belirtti.<\/p>\n<p>S\u00f6zlerine devam eden el Esad krizin olumsuzluklar\u0131n\u0131 a\u015fma mekanizmalar\u0131n\u0131 geli\u015ftirmekle birlikte e\u011fitim, bilim ve k\u00fclt\u00fcrel s\u00fcreci geli\u015ftirme, insani ve ahlaki de\u011ferleri peki\u015ftirme \u00e7al\u0131\u015fmalar\u0131n\u0131 yo\u011funla\u015ft\u0131rma gere\u011fine dikkat \u00e7ekti.<\/p>\n<p>Gelecek nesillerin yap\u0131land\u0131r\u0131lmas\u0131 s\u00fcrecine dikkat \u00e7eken el Esad; k\u0131rsal alanlar ile kentsel alanlar aras\u0131nda kalk\u0131nsal dengenin sa\u011flanmas\u0131 gere\u011fini belirtti.<\/p>\n<p>Ekonomi konusunda el Esad; \u00f6n\u00fcm\u00fczdeki s\u00fcre\u00e7 i\u00e7inde en \u00f6nemli \u015feyin yeniden yap\u0131land\u0131rma, sabote edilen altyap\u0131 ve hizmet kurumlar\u0131n\u0131n onar\u0131lmas\u0131 \u00fczerine odaklan\u0131lmas\u0131 gere\u011fini vurgulad\u0131. El Esad bunun da t\u00fcm bakanl\u0131klardan yo\u011fun bir \u00e7al\u0131\u015ft\u0131rma gerektirdi\u011fine dikkat \u00e7ekerek, bu ba\u011flamda uygulamaya kabil mekanizma ve plan belirleme \u00f6nemini ifade etti.<\/p>\n<p><a href=\"http:\/\/www.sana.sy\/tr\/wp-content\/uploads\/2014\/08\/Esad-3.jpg\"><img loading=\"lazy\" decoding=\"async\" class=\"alignright wp-image-8679 size-medium\" src=\"http:\/\/www.sana.sy\/tr\/wp-content\/uploads\/2014\/08\/Esad-3-300x175.jpg\" alt=\"Esad 3\" width=\"300\" height=\"175\" srcset=\"https:\/\/archive.sana.sy\/tr\/wp-content\/uploads\/2014\/08\/Esad-3-300x175.jpg 300w, https:\/\/archive.sana.sy\/tr\/wp-content\/uploads\/2014\/08\/Esad-3-150x87.jpg 150w, https:\/\/archive.sana.sy\/tr\/wp-content\/uploads\/2014\/08\/Esad-3-1024x600.jpg 1024w\" sizes=\"auto, (max-width: 300px) 100vw, 300px\" \/><\/a>Cumhurba\u015fkan\u0131 el Esad adaletin sa\u011flanmas\u0131 amac\u0131yla kabinenin gerekli her icraat\u0131 almas\u0131 gerekti\u011fini vurgularken; yolsuzlukla m\u00fccadele ve yolsuzlar\u0131n cezaland\u0131r\u0131lmas\u0131nda kararl\u0131 ve kat\u0131 olmas\u0131 \u00f6neminin alt\u0131n\u0131 \u00e7izdi. El Esad kanunun herkesin \u00fcst\u00fcnde oldu\u011funa vurgu yaparak kanunsuzlar\u0131n cezaland\u0131r\u0131lmas\u0131 \u00f6nemine dikkat \u00e7ekerek, idari ve yasama mekanizmalar\u0131n\u0131n geli\u015ftirilmesi gere\u011fini ifade etti.<\/p>\n<p>Oturumda Ba\u015fbakan Vail el Halaki kendisi ve kabine \u00fcyeleri bakanlar ad\u0131na yapt\u0131\u011f\u0131 konu\u015fmada; kabinenin vatanda\u015flar\u0131n ihtiya\u00e7lar\u0131n\u0131 temin etmekle birlikte \u00e7\u0131karlar\u0131n\u0131 koruma \u00f6zenini vurgularken bu ba\u011flamda \u00e7al\u0131\u015fmalar\u0131n\u0131 yo\u011funla\u015ft\u0131raca\u011f\u0131n\u0131 s\u00f6yledi.<\/p>\n<p>Halaki kabinenin Suriye ve ordusunun ter\u00f6re kar\u015f\u0131 m\u00fccadelesini g\u00fc\u00e7lendirecek deste\u011fi temin edece\u011fini belirtti.<\/p>\n","protected":false},"excerpt":{"rendered":"<p>\u015eAM \u2013 Vail el Halaki ba\u015fkanl\u0131\u011f\u0131nda te\u015fkil edilen yeni kabine d\u00fcn\u00a0Cumhurba\u015fkan\u0131 Be\u015f\u015far el Esad\u2019\u0131n huzurunda anayasal yemini etti. Yemin t\u00f6reni ard\u0131ndan kabine ile bir araya gelip y\u00f6nlendirmelerde bulunan Cumhurba\u015fkan\u0131 el Esad; yeni kabinenin yeni bir vizyon ve strateji takdim etmesi gerekti\u011fini belirtti. El Esad kabinenin ayr\u0131ca \u00fclkenin tan\u0131k oldu\u011fu t\u00fcm ko\u015fullara ra\u011fmen ge\u00e7en s\u00fcrecin olumsuzluklar\u0131n\u0131 &hellip;<\/p>\n","protected":false},"author":1,"featured_media":8677,"comment_status":"closed","ping_status":"closed","sticky":false,"template":"","format":"standard","meta":{"footnotes":""},"categories":[608,479,605,478],"tags":[1948,1942],"class_list":["post-8655","post","type-post","status-publish","format-standard","has-post-thumbnail","","category-etkinlikler","category-haberler-yerel","category-sayin-cumhurbaskani","category-yerel","tag-yemin-toreni-ardindan-el-esad-kabineye-yonlendirmelerde-bulundu","tag-yeni-kabine-esadin-huzurunda-yemin-etti"],"_links":{"self":[{"href":"https:\/\/archive.sana.sy\/tr\/index.php?rest_route=\/wp\/v2\/posts\/8655","targetHints":{"allow":["GET"]}}],"collection":[{"href":"https:\/\/archive.sana.sy\/tr\/index.php?rest_route=\/wp\/v2\/posts"}],"about":[{"href":"https:\/\/archive.sana.sy\/tr\/index.php?rest_route=\/wp\/v2\/types\/post"}],"author":[{"embeddable":true,"href":"https:\/\/archive.sana.sy\/tr\/index.php?rest_route=\/wp\/v2\/users\/1"}],"replies":[{"embeddable":true,"href":"https:\/\/archive.sana.sy\/tr\/index.php?rest_route=%2Fwp%2Fv2%2Fcomments&post=8655"}],"version-history":[{"count":0,"href":"https:\/\/archive.sana.sy\/tr\/index.php?rest_route=\/wp\/v2\/posts\/8655\/revisions"}],"wp:featuredmedia":[{"embeddable":true,"href":"https:\/\/archive.sana.sy\/tr\/index.php?rest_route=\/wp\/v2\/media\/8677"}],"wp:attachment":[{"href":"https:\/\/archive.sana.sy\/tr\/index.php?rest_route=%2Fwp%2Fv2%2Fmedia&parent=8655"}],"wp:term":[{"taxonomy":"category","embeddable":true,"href":"https:\/\/archive.sana.sy\/tr\/index.php?rest_route=%2Fwp%2Fv2%2Fcategories&post=8655"},{"taxonomy":"post_tag","embeddable":true,"href":"https:\/\/archive.sana.sy\/tr\/index.php?rest_route=%2Fwp%2Fv2%2Ftags&post=8655"}],"curies":[{"name":"wp","href":"https:\/\/api.w.org\/{rel}","templated":true}]}}