{"id":86609,"date":"2016-09-05T09:42:54","date_gmt":"2016-09-05T06:42:54","guid":{"rendered":"http:\/\/www.sana.sy\/tr\/?p=86609"},"modified":"2016-09-05T13:44:53","modified_gmt":"2016-09-05T10:44:53","slug":"rusya-baskanlik-sarayi-kremlin-cumhurbaskani-bessar-el-esad-rusya-baskani-vladimir-putin-ve-turkiye-devlet-baskani-recep-tayip-erdogan-arasinda-moskovada-uclu-bir-zirvenin-olacagini","status":"publish","type":"post","link":"https:\/\/archive.sana.sy\/tr\/?p=86609","title":{"rendered":"Rusya Ba\u015fkanl\u0131k Saray\u0131 Kremlin \u2018Cumhurba\u015fkan\u0131 Be\u015f\u015far el Esad, Rusya Ba\u015fkan\u0131 Vladimir Putin ve T\u00fcrkiye devlet ba\u015fkan\u0131 Recep Tayip Erdo\u011fan aras\u0131nda Moskova\u2019da \u00fc\u00e7l\u00fc bir zirvenin olaca\u011f\u0131n\u0131\u2019 ifade ede bas\u0131n haberleri ve raporlar\u0131n\u0131 yalanlad\u0131"},"content":{"rendered":"<p>Rusya Ba\u015fkanl\u0131k Saray\u0131 Kremlin \u2018Cumhurba\u015fkan\u0131 Be\u015f\u015far el Esad, Rusya Ba\u015fkan\u0131 Vladimir Putin ve T\u00fcrkiye devlet ba\u015fkan\u0131 Recep Tayip Erdo\u011fan aras\u0131nda Moskova\u2019da \u00fc\u00e7l\u00fc bir zirvenin olaca\u011f\u0131n\u0131\u2019 ifade ede bas\u0131n haberleri ve raporlar\u0131n\u0131 yalanlad\u0131<\/p>\n","protected":false},"excerpt":{"rendered":"<p>Rusya Ba\u015fkanl\u0131k Saray\u0131 Kremlin \u2018Cumhurba\u015fkan\u0131 Be\u015f\u015far el Esad, Rusya Ba\u015fkan\u0131 Vladimir Putin ve T\u00fcrkiye devlet ba\u015fkan\u0131 Recep Tayip Erdo\u011fan aras\u0131nda Moskova\u2019da \u00fc\u00e7l\u00fc bir zirvenin olaca\u011f\u0131n\u0131\u2019 ifade ede bas\u0131n haberleri ve raporlar\u0131n\u0131 yalanlad\u0131<\/p>\n","protected":false},"author":1,"featured_media":0,"comment_status":"closed","ping_status":"closed","sticky":false,"template":"","format":"standard","meta":{"footnotes":""},"categories":[17991],"tags":[],"class_list":["post-86609","post","type-post","status-publish","format-standard","","category-son-dakika"],"_links":{"self":[{"href":"https:\/\/archive.sana.sy\/tr\/index.php?rest_route=\/wp\/v2\/posts\/86609","targetHints":{"allow":["GET"]}}],"collection":[{"href":"https:\/\/archive.sana.sy\/tr\/index.php?rest_route=\/wp\/v2\/posts"}],"about":[{"href":"https:\/\/archive.sana.sy\/tr\/index.php?rest_route=\/wp\/v2\/types\/post"}],"author":[{"embeddable":true,"href":"https:\/\/archive.sana.sy\/tr\/index.php?rest_route=\/wp\/v2\/users\/1"}],"replies":[{"embeddable":true,"href":"https:\/\/archive.sana.sy\/tr\/index.php?rest_route=%2Fwp%2Fv2%2Fcomments&post=86609"}],"version-history":[{"count":0,"href":"https:\/\/archive.sana.sy\/tr\/index.php?rest_route=\/wp\/v2\/posts\/86609\/revisions"}],"wp:attachment":[{"href":"https:\/\/archive.sana.sy\/tr\/index.php?rest_route=%2Fwp%2Fv2%2Fmedia&parent=86609"}],"wp:term":[{"taxonomy":"category","embeddable":true,"href":"https:\/\/archive.sana.sy\/tr\/index.php?rest_route=%2Fwp%2Fv2%2Fcategories&post=86609"},{"taxonomy":"post_tag","embeddable":true,"href":"https:\/\/archive.sana.sy\/tr\/index.php?rest_route=%2Fwp%2Fv2%2Ftags&post=86609"}],"curies":[{"name":"wp","href":"https:\/\/api.w.org\/{rel}","templated":true}]}}