{"id":8663,"date":"2014-08-31T16:20:24","date_gmt":"2014-08-31T13:20:24","guid":{"rendered":"http:\/\/www.sana.sy\/tr\/?p=8663"},"modified":"2014-09-01T11:59:41","modified_gmt":"2014-09-01T08:59:41","slug":"idlib-kirsalina-11-tir-insani-yardim-gonderildi","status":"publish","type":"post","link":"https:\/\/archive.sana.sy\/tr\/?p=8663","title":{"rendered":"\u0130dlib K\u0131rsal\u0131na 11 T\u0131r \u0130nsani Yard\u0131m G\u00f6nderildi"},"content":{"rendered":"<p>\u0130DL\u0130B \u2013 \u0130dlib Valili\u011fi bug\u00fcn \u0130dlib \u0130linin do\u011fu k\u0131rsal\u0131na d\u00fc\u015fen Muarrat el Numan B\u00f6lgesinin k\u00f6y ve beldelerine 11 t\u0131rdan olu\u015fan insani yard\u0131m konvoyu g\u00f6nderdi.<\/p>\n<p>\u0130dlib Valisi Safvan Ebu Sadi SANA\u2019ya yapt\u0131\u011f\u0131 a\u00e7\u0131klama g\u0131da, t\u0131bbi ve bar\u0131nak maddelerinden olu\u015fan s\u00f6z konusu insani yard\u0131mlardan Muarrat el Numan B\u00f6lgesinden 7 bin aileye da\u011f\u0131t\u0131laca\u011f\u0131n\u0131 s\u00f6yledi.<\/p>\n<p>Vali Ebu Sadi; il k\u0131rsal\u0131n\u0131n muhtelif b\u00f6lgelerine herhangi bir ay\u0131r\u0131m g\u00f6zetmeksizin insani yard\u0131mlar\u0131n g\u00f6nderilmeye devam edilece\u011fini belirtirken, devletin istisnas\u0131z t\u00fcm kesimlerden, bile\u015fenlerden ve ak\u0131mlardan t\u00fcm vatanda\u015flar\u0131n\u0131n ihtiya\u00e7lar\u0131n\u0131 kar\u015f\u0131lama \u00f6zeninde oldu\u011funun alt\u0131n\u0131 \u00e7izdi.<\/p>\n<div id='gallery-1' class='gallery galleryid-8663 gallery-columns-3 gallery-size-thumbnail'><figure class='gallery-item'>\n\t\t\t<div class='gallery-icon landscape'>\n\t\t\t\t<a href='https:\/\/archive.sana.sy\/tr\/?attachment_id=8688'><img loading=\"lazy\" decoding=\"async\" width=\"150\" height=\"79\" src=\"https:\/\/archive.sana.sy\/tr\/wp-content\/uploads\/2014\/08\/idlib-11-150x79.jpg\" class=\"attachment-thumbnail size-thumbnail\" alt=\"\" srcset=\"https:\/\/archive.sana.sy\/tr\/wp-content\/uploads\/2014\/08\/idlib-11-150x79.jpg 150w, https:\/\/archive.sana.sy\/tr\/wp-content\/uploads\/2014\/08\/idlib-11-300x160.jpg 300w, https:\/\/archive.sana.sy\/tr\/wp-content\/uploads\/2014\/08\/idlib-11.jpg 620w\" sizes=\"auto, (max-width: 150px) 100vw, 150px\" \/><\/a>\n\t\t\t<\/div><\/figure><figure class='gallery-item'>\n\t\t\t<div class='gallery-icon landscape'>\n\t\t\t\t<a href='https:\/\/archive.sana.sy\/tr\/?attachment_id=8690'><img loading=\"lazy\" decoding=\"async\" width=\"150\" height=\"79\" src=\"https:\/\/archive.sana.sy\/tr\/wp-content\/uploads\/2014\/08\/idlib-21-150x79.jpg\" class=\"attachment-thumbnail size-thumbnail\" alt=\"\" srcset=\"https:\/\/archive.sana.sy\/tr\/wp-content\/uploads\/2014\/08\/idlib-21-150x79.jpg 150w, https:\/\/archive.sana.sy\/tr\/wp-content\/uploads\/2014\/08\/idlib-21-300x160.jpg 300w, https:\/\/archive.sana.sy\/tr\/wp-content\/uploads\/2014\/08\/idlib-21.jpg 620w\" sizes=\"auto, (max-width: 150px) 100vw, 150px\" \/><\/a>\n\t\t\t<\/div><\/figure><figure class='gallery-item'>\n\t\t\t<div class='gallery-icon landscape'>\n\t\t\t\t<a href='https:\/\/archive.sana.sy\/tr\/?attachment_id=8691'><img loading=\"lazy\" decoding=\"async\" width=\"150\" height=\"79\" src=\"https:\/\/archive.sana.sy\/tr\/wp-content\/uploads\/2014\/08\/idlib-31-150x79.jpg\" class=\"attachment-thumbnail size-thumbnail\" alt=\"\" srcset=\"https:\/\/archive.sana.sy\/tr\/wp-content\/uploads\/2014\/08\/idlib-31-150x79.jpg 150w, https:\/\/archive.sana.sy\/tr\/wp-content\/uploads\/2014\/08\/idlib-31-300x160.jpg 300w, https:\/\/archive.sana.sy\/tr\/wp-content\/uploads\/2014\/08\/idlib-31.jpg 620w\" sizes=\"auto, (max-width: 150px) 100vw, 150px\" \/><\/a>\n\t\t\t<\/div><\/figure>\n\t\t<\/div>\n\n","protected":false},"excerpt":{"rendered":"<p>\u0130DL\u0130B \u2013 \u0130dlib Valili\u011fi bug\u00fcn \u0130dlib \u0130linin do\u011fu k\u0131rsal\u0131na d\u00fc\u015fen Muarrat el Numan B\u00f6lgesinin k\u00f6y ve beldelerine 11 t\u0131rdan olu\u015fan insani yard\u0131m konvoyu g\u00f6nderdi. \u0130dlib Valisi Safvan Ebu Sadi SANA\u2019ya yapt\u0131\u011f\u0131 a\u00e7\u0131klama g\u0131da, t\u0131bbi ve bar\u0131nak maddelerinden olu\u015fan s\u00f6z konusu insani yard\u0131mlardan Muarrat el Numan B\u00f6lgesinden 7 bin aileye da\u011f\u0131t\u0131laca\u011f\u0131n\u0131 s\u00f6yledi. Vali Ebu Sadi; il &hellip;<\/p>\n","protected":false},"author":1,"featured_media":8664,"comment_status":"closed","ping_status":"closed","sticky":false,"template":"","format":"standard","meta":{"footnotes":""},"categories":[479,478],"tags":[1943],"class_list":["post-8663","post","type-post","status-publish","format-standard","has-post-thumbnail","","category-haberler-yerel","category-yerel","tag-idlib-kirsalina-11-tir-insani-yardim-gonderildi"],"_links":{"self":[{"href":"https:\/\/archive.sana.sy\/tr\/index.php?rest_route=\/wp\/v2\/posts\/8663","targetHints":{"allow":["GET"]}}],"collection":[{"href":"https:\/\/archive.sana.sy\/tr\/index.php?rest_route=\/wp\/v2\/posts"}],"about":[{"href":"https:\/\/archive.sana.sy\/tr\/index.php?rest_route=\/wp\/v2\/types\/post"}],"author":[{"embeddable":true,"href":"https:\/\/archive.sana.sy\/tr\/index.php?rest_route=\/wp\/v2\/users\/1"}],"replies":[{"embeddable":true,"href":"https:\/\/archive.sana.sy\/tr\/index.php?rest_route=%2Fwp%2Fv2%2Fcomments&post=8663"}],"version-history":[{"count":0,"href":"https:\/\/archive.sana.sy\/tr\/index.php?rest_route=\/wp\/v2\/posts\/8663\/revisions"}],"wp:featuredmedia":[{"embeddable":true,"href":"https:\/\/archive.sana.sy\/tr\/index.php?rest_route=\/wp\/v2\/media\/8664"}],"wp:attachment":[{"href":"https:\/\/archive.sana.sy\/tr\/index.php?rest_route=%2Fwp%2Fv2%2Fmedia&parent=8663"}],"wp:term":[{"taxonomy":"category","embeddable":true,"href":"https:\/\/archive.sana.sy\/tr\/index.php?rest_route=%2Fwp%2Fv2%2Fcategories&post=8663"},{"taxonomy":"post_tag","embeddable":true,"href":"https:\/\/archive.sana.sy\/tr\/index.php?rest_route=%2Fwp%2Fv2%2Ftags&post=8663"}],"curies":[{"name":"wp","href":"https:\/\/api.w.org\/{rel}","templated":true}]}}