{"id":86630,"date":"2016-09-05T10:38:09","date_gmt":"2016-09-05T07:38:09","guid":{"rendered":"http:\/\/www.sana.sy\/tr\/?p=86630"},"modified":"2016-09-08T12:50:54","modified_gmt":"2016-09-08T09:50:54","slug":"suriye-ekibi-sanli-bayragimizi-dalgalandirdi","status":"publish","type":"post","link":"https:\/\/archive.sana.sy\/tr\/?p=86630","title":{"rendered":"Suriye Ekibi \u015eanl\u0131 Bayra\u011f\u0131m\u0131z\u0131 Dalgaland\u0131rd\u0131 (video)"},"content":{"rendered":"<p>R\u0130O de JANE\u0130RO \u2013 Brezilyan\u0131n Rio de Janeiro kentinde d\u00fczenlenen uluslar aras\u0131 olimpiyatlara kat\u0131lan Suriye ekibi bug\u00fcn olimpiyat k\u00f6y\u00fcnde ikametgah\u0131 \u00fczerinde organizat\u00f6r heyetin resmi kat\u0131l\u0131m\u0131 ile Suriye bayra\u011f\u0131n\u0131 dalgaland\u0131rd\u0131.<\/p>\n<p>Muhtelif devletlerden 4350 engelli sporcunun kat\u0131ld\u0131\u011f\u0131 olimpiyatlar\u0131n start\u0131ndan iki g\u00fcn \u00f6nce Suriye bayra\u011f\u0131n\u0131 ikametgah\u0131 \u00fczerinde dalgaland\u0131ran Suriye ekibinde m\u0131zrak ve g\u00fclle at\u0131c\u0131s\u0131 \u00f6zel sporcumuz Muhammed Halit Muhammed\u2019in yan\u0131 s\u0131ra \u00f6zel halter sporcumuz Nura Bdur kat\u0131l\u0131yor.<\/p>\n<p>https:\/\/www.youtube.com\/watch?v=9K7VbrcpyxQ<\/p>\n<div id='gallery-1' class='gallery galleryid-86630 gallery-columns-2 gallery-size-medium'><figure class='gallery-item'>\n\t\t\t<div class='gallery-icon landscape'>\n\t\t\t\t<a href='https:\/\/archive.sana.sy\/tr\/wp-content\/uploads\/2016\/09\/2-15.jpg'><img loading=\"lazy\" decoding=\"async\" width=\"300\" height=\"180\" src=\"https:\/\/archive.sana.sy\/tr\/wp-content\/uploads\/2016\/09\/2-15-300x180.jpg\" class=\"attachment-medium size-medium\" alt=\"\" srcset=\"https:\/\/archive.sana.sy\/tr\/wp-content\/uploads\/2016\/09\/2-15-300x180.jpg 300w, https:\/\/archive.sana.sy\/tr\/wp-content\/uploads\/2016\/09\/2-15-150x90.jpg 150w, https:\/\/archive.sana.sy\/tr\/wp-content\/uploads\/2016\/09\/2-15-768x461.jpg 768w, https:\/\/archive.sana.sy\/tr\/wp-content\/uploads\/2016\/09\/2-15-1024x614.jpg 1024w, https:\/\/archive.sana.sy\/tr\/wp-content\/uploads\/2016\/09\/2-15.jpg 1280w\" sizes=\"auto, (max-width: 300px) 100vw, 300px\" \/><\/a>\n\t\t\t<\/div><\/figure><figure class='gallery-item'>\n\t\t\t<div class='gallery-icon landscape'>\n\t\t\t\t<a href='https:\/\/archive.sana.sy\/tr\/wp-content\/uploads\/2016\/09\/3-13.jpg'><img loading=\"lazy\" decoding=\"async\" width=\"300\" height=\"169\" src=\"https:\/\/archive.sana.sy\/tr\/wp-content\/uploads\/2016\/09\/3-13-300x169.jpg\" class=\"attachment-medium size-medium\" alt=\"\" srcset=\"https:\/\/archive.sana.sy\/tr\/wp-content\/uploads\/2016\/09\/3-13-300x169.jpg 300w, https:\/\/archive.sana.sy\/tr\/wp-content\/uploads\/2016\/09\/3-13-150x84.jpg 150w, https:\/\/archive.sana.sy\/tr\/wp-content\/uploads\/2016\/09\/3-13-768x432.jpg 768w, https:\/\/archive.sana.sy\/tr\/wp-content\/uploads\/2016\/09\/3-13-1024x576.jpg 1024w, https:\/\/archive.sana.sy\/tr\/wp-content\/uploads\/2016\/09\/3-13.jpg 1280w\" sizes=\"auto, (max-width: 300px) 100vw, 300px\" \/><\/a>\n\t\t\t<\/div><\/figure>\n\t\t<\/div>\n\n","protected":false},"excerpt":{"rendered":"<p>R\u0130O de JANE\u0130RO \u2013 Brezilyan\u0131n Rio de Janeiro kentinde d\u00fczenlenen uluslar aras\u0131 olimpiyatlara kat\u0131lan Suriye ekibi bug\u00fcn olimpiyat k\u00f6y\u00fcnde ikametgah\u0131 \u00fczerinde organizat\u00f6r heyetin resmi kat\u0131l\u0131m\u0131 ile Suriye bayra\u011f\u0131n\u0131 dalgaland\u0131rd\u0131. Muhtelif devletlerden 4350 engelli sporcunun kat\u0131ld\u0131\u011f\u0131 olimpiyatlar\u0131n start\u0131ndan iki g\u00fcn \u00f6nce Suriye bayra\u011f\u0131n\u0131 ikametgah\u0131 \u00fczerinde dalgaland\u0131ran Suriye ekibinde m\u0131zrak ve g\u00fclle at\u0131c\u0131s\u0131 \u00f6zel sporcumuz Muhammed Halit &hellip;<\/p>\n","protected":false},"author":1,"featured_media":86631,"comment_status":"closed","ping_status":"closed","sticky":false,"template":"","format":"standard","meta":{"footnotes":""},"categories":[458,498,459,17988,496],"tags":[23707,23708,23706],"class_list":["post-86630","post","type-post","status-publish","format-standard","has-post-thumbnail","","category-dunya1","category-dunya-turnuvalari","category-haberler-arap-uluslararasi-politika","category-son-haberler","category-spor","tag-brezilyanin-rio-de-janeiro-kentinde-duzenlenen-uluslar-arasi-olimpiyatlara-katilan-suriye-ekibi","tag-olimpiyat","tag-suriye-ekibi-sanli-bayragimizi-dalgalandirdi"],"_links":{"self":[{"href":"https:\/\/archive.sana.sy\/tr\/index.php?rest_route=\/wp\/v2\/posts\/86630","targetHints":{"allow":["GET"]}}],"collection":[{"href":"https:\/\/archive.sana.sy\/tr\/index.php?rest_route=\/wp\/v2\/posts"}],"about":[{"href":"https:\/\/archive.sana.sy\/tr\/index.php?rest_route=\/wp\/v2\/types\/post"}],"author":[{"embeddable":true,"href":"https:\/\/archive.sana.sy\/tr\/index.php?rest_route=\/wp\/v2\/users\/1"}],"replies":[{"embeddable":true,"href":"https:\/\/archive.sana.sy\/tr\/index.php?rest_route=%2Fwp%2Fv2%2Fcomments&post=86630"}],"version-history":[{"count":0,"href":"https:\/\/archive.sana.sy\/tr\/index.php?rest_route=\/wp\/v2\/posts\/86630\/revisions"}],"wp:featuredmedia":[{"embeddable":true,"href":"https:\/\/archive.sana.sy\/tr\/index.php?rest_route=\/wp\/v2\/media\/86631"}],"wp:attachment":[{"href":"https:\/\/archive.sana.sy\/tr\/index.php?rest_route=%2Fwp%2Fv2%2Fmedia&parent=86630"}],"wp:term":[{"taxonomy":"category","embeddable":true,"href":"https:\/\/archive.sana.sy\/tr\/index.php?rest_route=%2Fwp%2Fv2%2Fcategories&post=86630"},{"taxonomy":"post_tag","embeddable":true,"href":"https:\/\/archive.sana.sy\/tr\/index.php?rest_route=%2Fwp%2Fv2%2Ftags&post=86630"}],"curies":[{"name":"wp","href":"https:\/\/api.w.org\/{rel}","templated":true}]}}