{"id":86633,"date":"2016-09-05T09:37:47","date_gmt":"2016-09-05T06:37:47","guid":{"rendered":"http:\/\/www.sana.sy\/tr\/?p=86633"},"modified":"2016-09-06T10:38:14","modified_gmt":"2016-09-06T07:38:14","slug":"yuzucumuz-10-sirayi-aldi","status":"publish","type":"post","link":"https:\/\/archive.sana.sy\/tr\/?p=86633","title":{"rendered":"Y\u00fcz\u00fcc\u00fcm\u00fcz 10. S\u0131ray\u0131 Ald\u0131"},"content":{"rendered":"<p>ROMA \u2013 \u0130talya\u2019da d\u00fczenlenen 8 \u00fclkeden 16 y\u00fcz\u00fcc\u00fcn\u00fcn kat\u0131l\u0131m\u0131yla 36 km mesafede d\u00fczenlenen Capri Napoli Y\u00fczme Yar\u0131\u015f\u0131na kat\u0131lan y\u00fcz\u00fcc\u00fcm\u00fcz Muhammed Salih 10. S\u0131ray\u0131 ald\u0131.<\/p>\n<p><a href=\"http:\/\/www.sana.sy\/tr\/wp-content\/uploads\/2016\/09\/y\u00fczmek.jpg\"><img loading=\"lazy\" decoding=\"async\" class=\"alignright wp-image-86638 size-medium\" src=\"http:\/\/www.sana.sy\/tr\/wp-content\/uploads\/2016\/09\/y\u00fczmek-300x162.jpg\" alt=\"y\u00fczmek\" width=\"300\" height=\"162\" srcset=\"https:\/\/archive.sana.sy\/tr\/wp-content\/uploads\/2016\/09\/y\u00fczmek-300x162.jpg 300w, https:\/\/archive.sana.sy\/tr\/wp-content\/uploads\/2016\/09\/y\u00fczmek-150x81.jpg 150w, https:\/\/archive.sana.sy\/tr\/wp-content\/uploads\/2016\/09\/y\u00fczmek-768x416.jpg 768w, https:\/\/archive.sana.sy\/tr\/wp-content\/uploads\/2016\/09\/y\u00fczmek.jpg 780w\" sizes=\"auto, (max-width: 300px) 100vw, 300px\" \/><\/a>Makedonyal\u0131 y\u00fcz\u00fcc\u00fcn\u00fcn 6,17,04 saatte birincili\u011fi kazand\u0131\u011f\u0131 yar\u0131\u015fmada y\u00fcz\u00fcc\u00fcm\u00fcz Salih ayn\u0131 mesafeyi 6,57,47 saatte bitirdi. Yar\u0131\u015fmada 6,17,19 saatle Arjantinli y\u00fcz\u00fcc\u00fc ikinci, 6,25,49 saatle de \u0130talyal\u0131 y\u00fcz\u00fcc\u00fc \u00fc\u00e7\u00fcnc\u00fc oldu.<\/p>\n<p>Y\u00fcz\u00fcc\u00fcm\u00fcz Salih 20-27 Eyl\u00fcl tarihinde Vietnam\u2019da d\u00fczenlenmesi beklenen 5. Asya Sahil Y\u00fczme Yar\u0131\u015fmalar\u0131na haz\u0131rlan\u0131yor.<\/p>\n","protected":false},"excerpt":{"rendered":"<p>ROMA \u2013 \u0130talya\u2019da d\u00fczenlenen 8 \u00fclkeden 16 y\u00fcz\u00fcc\u00fcn\u00fcn kat\u0131l\u0131m\u0131yla 36 km mesafede d\u00fczenlenen Capri Napoli Y\u00fczme Yar\u0131\u015f\u0131na kat\u0131lan y\u00fcz\u00fcc\u00fcm\u00fcz Muhammed Salih 10. S\u0131ray\u0131 ald\u0131. Makedonyal\u0131 y\u00fcz\u00fcc\u00fcn\u00fcn 6,17,04 saatte birincili\u011fi kazand\u0131\u011f\u0131 yar\u0131\u015fmada y\u00fcz\u00fcc\u00fcm\u00fcz Salih ayn\u0131 mesafeyi 6,57,47 saatte bitirdi. Yar\u0131\u015fmada 6,17,19 saatle Arjantinli y\u00fcz\u00fcc\u00fc ikinci, 6,25,49 saatle de \u0130talyal\u0131 y\u00fcz\u00fcc\u00fc \u00fc\u00e7\u00fcnc\u00fc oldu. Y\u00fcz\u00fcc\u00fcm\u00fcz Salih 20-27 Eyl\u00fcl &hellip;<\/p>\n","protected":false},"author":1,"featured_media":86636,"comment_status":"closed","ping_status":"closed","sticky":false,"template":"","format":"standard","meta":{"footnotes":""},"categories":[458,498,459,17988,496],"tags":[23710,23709],"class_list":["post-86633","post","type-post","status-publish","format-standard","has-post-thumbnail","","category-dunya1","category-dunya-turnuvalari","category-haberler-arap-uluslararasi-politika","category-son-haberler","category-spor","tag-italyada-duzenlenen-8-ulkeden-16-yuzucunun-katilimiyla-36-km-mesafede-duzenlenen-capri-napoli-yuzme-yarisina-katilan-yuzucumuz-muhammed-salih-10-sirayi-aldi","tag-yuzucumuz-10-sirayi-aldi"],"_links":{"self":[{"href":"https:\/\/archive.sana.sy\/tr\/index.php?rest_route=\/wp\/v2\/posts\/86633","targetHints":{"allow":["GET"]}}],"collection":[{"href":"https:\/\/archive.sana.sy\/tr\/index.php?rest_route=\/wp\/v2\/posts"}],"about":[{"href":"https:\/\/archive.sana.sy\/tr\/index.php?rest_route=\/wp\/v2\/types\/post"}],"author":[{"embeddable":true,"href":"https:\/\/archive.sana.sy\/tr\/index.php?rest_route=\/wp\/v2\/users\/1"}],"replies":[{"embeddable":true,"href":"https:\/\/archive.sana.sy\/tr\/index.php?rest_route=%2Fwp%2Fv2%2Fcomments&post=86633"}],"version-history":[{"count":0,"href":"https:\/\/archive.sana.sy\/tr\/index.php?rest_route=\/wp\/v2\/posts\/86633\/revisions"}],"wp:featuredmedia":[{"embeddable":true,"href":"https:\/\/archive.sana.sy\/tr\/index.php?rest_route=\/wp\/v2\/media\/86636"}],"wp:attachment":[{"href":"https:\/\/archive.sana.sy\/tr\/index.php?rest_route=%2Fwp%2Fv2%2Fmedia&parent=86633"}],"wp:term":[{"taxonomy":"category","embeddable":true,"href":"https:\/\/archive.sana.sy\/tr\/index.php?rest_route=%2Fwp%2Fv2%2Fcategories&post=86633"},{"taxonomy":"post_tag","embeddable":true,"href":"https:\/\/archive.sana.sy\/tr\/index.php?rest_route=%2Fwp%2Fv2%2Ftags&post=86633"}],"curies":[{"name":"wp","href":"https:\/\/api.w.org\/{rel}","templated":true}]}}