{"id":86659,"date":"2016-09-05T10:05:54","date_gmt":"2016-09-05T07:05:54","guid":{"rendered":"http:\/\/www.sana.sy\/tr\/?p=86659"},"modified":"2016-09-06T10:38:22","modified_gmt":"2016-09-06T07:38:22","slug":"firat-universitesi-kayitlara-hazir","status":"publish","type":"post","link":"https:\/\/archive.sana.sy\/tr\/?p=86659","title":{"rendered":"F\u0131rat \u00dcniversitesi Kay\u0131tlara Haz\u0131r"},"content":{"rendered":"<p>DEYREZZOR \u2013 Deyrezzor, Rakka ve Haseke illerinde fak\u00fclteleri bulunan F\u0131rat \u00dcniversitesi Deyrezzor ilinde 2016\/2017 \u00f6\u011fretim y\u0131l\u0131 i\u00e7in \u00f6\u011frencilerinin kay\u0131tlar\u0131n\u0131 yapma haz\u0131rl\u0131klar\u0131n\u0131 tamamlad\u0131.<\/p>\n<p>F\u0131rat \u00dcniversitesi Rekt\u00f6r\u00fc Ali Yusuf el Ali SANA\u2019ya yapt\u0131\u011f\u0131 a\u00e7\u0131klamada; \u00fcniversiteye kay\u0131t yapacak \u00f6\u011frenci say\u0131s\u0131n\u0131n 700 kadar az bir say\u0131 olmas\u0131yla kay\u0131tlar i\u00e7in sadece rekt\u00f6rl\u00fck binas\u0131nda bir merkezin a\u00e7\u0131ld\u0131\u011f\u0131n\u0131 kaydetti. Rekt\u00f6r \u00fcniversiteye kay\u0131t ba\u015fvurular\u0131n\u0131n yar\u0131ndan itibaren 20 Eyl\u00fcl tarihine dek s\u00fcrece\u011fini belirtti.<\/p>\n","protected":false},"excerpt":{"rendered":"<p>DEYREZZOR \u2013 Deyrezzor, Rakka ve Haseke illerinde fak\u00fclteleri bulunan F\u0131rat \u00dcniversitesi Deyrezzor ilinde 2016\/2017 \u00f6\u011fretim y\u0131l\u0131 i\u00e7in \u00f6\u011frencilerinin kay\u0131tlar\u0131n\u0131 yapma haz\u0131rl\u0131klar\u0131n\u0131 tamamlad\u0131. F\u0131rat \u00dcniversitesi Rekt\u00f6r\u00fc Ali Yusuf el Ali SANA\u2019ya yapt\u0131\u011f\u0131 a\u00e7\u0131klamada; \u00fcniversiteye kay\u0131t yapacak \u00f6\u011frenci say\u0131s\u0131n\u0131n 700 kadar az bir say\u0131 olmas\u0131yla kay\u0131tlar i\u00e7in sadece rekt\u00f6rl\u00fck binas\u0131nda bir merkezin a\u00e7\u0131ld\u0131\u011f\u0131n\u0131 kaydetti. Rekt\u00f6r \u00fcniversiteye kay\u0131t &hellip;<\/p>\n","protected":false},"author":1,"featured_media":86660,"comment_status":"closed","ping_status":"closed","sticky":false,"template":"","format":"standard","meta":{"footnotes":""},"categories":[479,17988,478],"tags":[23713,23712],"class_list":["post-86659","post","type-post","status-publish","format-standard","has-post-thumbnail","","category-haberler-yerel","category-son-haberler","category-yerel","tag-firat-universitesi","tag-firat-universitesi-kayitlara-hazir"],"_links":{"self":[{"href":"https:\/\/archive.sana.sy\/tr\/index.php?rest_route=\/wp\/v2\/posts\/86659","targetHints":{"allow":["GET"]}}],"collection":[{"href":"https:\/\/archive.sana.sy\/tr\/index.php?rest_route=\/wp\/v2\/posts"}],"about":[{"href":"https:\/\/archive.sana.sy\/tr\/index.php?rest_route=\/wp\/v2\/types\/post"}],"author":[{"embeddable":true,"href":"https:\/\/archive.sana.sy\/tr\/index.php?rest_route=\/wp\/v2\/users\/1"}],"replies":[{"embeddable":true,"href":"https:\/\/archive.sana.sy\/tr\/index.php?rest_route=%2Fwp%2Fv2%2Fcomments&post=86659"}],"version-history":[{"count":0,"href":"https:\/\/archive.sana.sy\/tr\/index.php?rest_route=\/wp\/v2\/posts\/86659\/revisions"}],"wp:featuredmedia":[{"embeddable":true,"href":"https:\/\/archive.sana.sy\/tr\/index.php?rest_route=\/wp\/v2\/media\/86660"}],"wp:attachment":[{"href":"https:\/\/archive.sana.sy\/tr\/index.php?rest_route=%2Fwp%2Fv2%2Fmedia&parent=86659"}],"wp:term":[{"taxonomy":"category","embeddable":true,"href":"https:\/\/archive.sana.sy\/tr\/index.php?rest_route=%2Fwp%2Fv2%2Fcategories&post=86659"},{"taxonomy":"post_tag","embeddable":true,"href":"https:\/\/archive.sana.sy\/tr\/index.php?rest_route=%2Fwp%2Fv2%2Ftags&post=86659"}],"curies":[{"name":"wp","href":"https:\/\/api.w.org\/{rel}","templated":true}]}}