{"id":8672,"date":"2014-08-31T17:41:08","date_gmt":"2014-08-31T14:41:08","guid":{"rendered":"http:\/\/www.sana.sy\/tr\/?p=8672"},"modified":"2014-08-31T17:41:08","modified_gmt":"2014-08-31T14:41:08","slug":"nusra-cephesinin-bize-tehlikesi-yoktur-oso-da-bize-olumlu-bakiyor","status":"publish","type":"post","link":"https:\/\/archive.sana.sy\/tr\/?p=8672","title":{"rendered":"Nusra Cephesinin Bize Tehlikesi Yoktur, \u00d6SO da Bize Olumlu Bak\u0131yor"},"content":{"rendered":"<p>KUD\u00dcS \u2013 \u0130srail g\u00fcvenlik cihazlar\u0131nda \u00fcst d\u00fczey yetkililer \u0130srail&#8217;in; Golan\u2019da i\u015fgal alt\u0131ndaki topraklara s\u0131n\u0131r b\u00f6lgelerde yay\u0131lmas\u0131na ra\u011fmen Nusra Cephesinin \u0130srail a\u00e7\u0131s\u0131ndan tehlike te\u015fkil etmedi\u011fini ikrar ettiler.<\/p>\n<p>\u0130srailli g\u00fcvenlik yetkilileri ayr\u0131ca \u2018\u00d6SO\u2019 olarak bilinen olu\u015fumun da \u0130srail&#8217;e olumlu bakt\u0131\u011f\u0131n\u0131 ifade ederek bu iki olu\u015fuma ili\u015fkin g\u00f6n\u00fcl rahatl\u0131klar\u0131n\u0131 dile getirdiler.<\/p>\n<p>\u0130srailli Hearts Gazetesinin aktard\u0131\u011f\u0131 a\u00e7\u0131klamalar\u0131nda \u0130srailli g\u00fcvenlik yetkilileri; Kaide \u00d6rg\u00fct\u00fcn\u00fcn bir kolu olan Nusra Cephesinin \u2018\u0130srail ve ordusu a\u00e7\u0131s\u0131ndan hi\u00e7bir tehlike te\u015fkil etmedi\u011fini\u2019 ifade etti. Ayn\u0131 zamanda Nusra Cephesinin de \u0130srail&#8217;e ili\u015fkin kendi de\u011fimleriyle \u2018makul bir vizyona\u2019 sahip oldu\u011funu belirterek dolay\u0131s\u0131yla Suriye&#8217;nin Golan topraklar\u0131na yak\u0131n Kunaytra k\u0131rsal\u0131ndan Nusra Cephesi ve \u00d6SO \u00e7etelerinin yay\u0131lmas\u0131n\u0131n kendileri a\u00e7\u0131s\u0131ndan hi\u00e7bir tehlike te\u015fkil etmedi\u011fini belirttiler.<\/p>\n<p>\u0130srailli \u00fcst d\u00fczey g\u00fcvenlik yetkilileri Nusra Cephesinin \u0130srail&#8217;e kar\u015f\u0131 herhangi bir tehdit olu\u015fturmas\u0131 halinde \u2018\u00d6SO\u2019nun ona kar\u015f\u0131 koyaca\u011f\u0131n\u0131 ve \u0130srail&#8217;in g\u00fcvenli\u011fini sa\u011flayaca\u011f\u0131n\u0131 ifade ettiler.<\/p>\n<p>Bu arada \u0130srail i\u015fgal otoriteleri Suriye&#8217;de insnal\u0131\u011fa kar\u015f\u0131 her t\u00fcrl\u00fc vah\u015feti i\u015fleyen ter\u00f6r \u00e7etelerine askeri, lojistik ve her t\u00fcrl\u00fc deste\u011fi takdim ederken; i\u015fgali alt\u0131ndaki Golan tepelerinde yaral\u0131 ter\u00f6ristleri tedavi etmek i\u00e7in saha hastaneleri kurdu.<\/p>\n","protected":false},"excerpt":{"rendered":"<p>KUD\u00dcS \u2013 \u0130srail g\u00fcvenlik cihazlar\u0131nda \u00fcst d\u00fczey yetkililer \u0130srail&#8217;in; Golan\u2019da i\u015fgal alt\u0131ndaki topraklara s\u0131n\u0131r b\u00f6lgelerde yay\u0131lmas\u0131na ra\u011fmen Nusra Cephesinin \u0130srail a\u00e7\u0131s\u0131ndan tehlike te\u015fkil etmedi\u011fini ikrar ettiler. \u0130srailli g\u00fcvenlik yetkilileri ayr\u0131ca \u2018\u00d6SO\u2019 olarak bilinen olu\u015fumun da \u0130srail&#8217;e olumlu bakt\u0131\u011f\u0131n\u0131 ifade ederek bu iki olu\u015fuma ili\u015fkin g\u00f6n\u00fcl rahatl\u0131klar\u0131n\u0131 dile getirdiler. \u0130srailli Hearts Gazetesinin aktard\u0131\u011f\u0131 a\u00e7\u0131klamalar\u0131nda \u0130srailli g\u00fcvenlik &hellip;<\/p>\n","protected":false},"author":1,"featured_media":8673,"comment_status":"closed","ping_status":"closed","sticky":false,"template":"","format":"standard","meta":{"footnotes":""},"categories":[458,459,447],"tags":[1946,1947],"class_list":["post-8672","post","type-post","status-publish","format-standard","has-post-thumbnail","","category-dunya1","category-haberler-arap-uluslararasi-politika","category-politika","tag-nusra-cephesinin-bize-tehlikesi-yoktur","tag-oso-da-bize-olumlu-bakiyor"],"_links":{"self":[{"href":"https:\/\/archive.sana.sy\/tr\/index.php?rest_route=\/wp\/v2\/posts\/8672","targetHints":{"allow":["GET"]}}],"collection":[{"href":"https:\/\/archive.sana.sy\/tr\/index.php?rest_route=\/wp\/v2\/posts"}],"about":[{"href":"https:\/\/archive.sana.sy\/tr\/index.php?rest_route=\/wp\/v2\/types\/post"}],"author":[{"embeddable":true,"href":"https:\/\/archive.sana.sy\/tr\/index.php?rest_route=\/wp\/v2\/users\/1"}],"replies":[{"embeddable":true,"href":"https:\/\/archive.sana.sy\/tr\/index.php?rest_route=%2Fwp%2Fv2%2Fcomments&post=8672"}],"version-history":[{"count":0,"href":"https:\/\/archive.sana.sy\/tr\/index.php?rest_route=\/wp\/v2\/posts\/8672\/revisions"}],"wp:featuredmedia":[{"embeddable":true,"href":"https:\/\/archive.sana.sy\/tr\/index.php?rest_route=\/wp\/v2\/media\/8673"}],"wp:attachment":[{"href":"https:\/\/archive.sana.sy\/tr\/index.php?rest_route=%2Fwp%2Fv2%2Fmedia&parent=8672"}],"wp:term":[{"taxonomy":"category","embeddable":true,"href":"https:\/\/archive.sana.sy\/tr\/index.php?rest_route=%2Fwp%2Fv2%2Fcategories&post=8672"},{"taxonomy":"post_tag","embeddable":true,"href":"https:\/\/archive.sana.sy\/tr\/index.php?rest_route=%2Fwp%2Fv2%2Ftags&post=8672"}],"curies":[{"name":"wp","href":"https:\/\/api.w.org\/{rel}","templated":true}]}}