{"id":8682,"date":"2014-09-01T11:14:04","date_gmt":"2014-09-01T08:14:04","guid":{"rendered":"http:\/\/www.sana.sy\/tr\/?p=8682"},"modified":"2014-09-01T11:14:04","modified_gmt":"2014-09-01T08:14:04","slug":"bati-terorle-mucadelede-iraka-yardim-ediyor-suriyede-ise-goz-ardi-ediyor","status":"publish","type":"post","link":"https:\/\/archive.sana.sy\/tr\/?p=8682","title":{"rendered":"Bat\u0131 Ter\u00f6rle M\u00fccadelede Irak\u2019a Yard\u0131m ediyor Suriye\u2019de \u0130se G\u00f6z Ard\u0131 Ediyor"},"content":{"rendered":"<p>MOSKOVA \u2013 Rusya D\u0131\u015fi\u015fleri Bakan\u0131 Sergey Lavrov, Bat\u0131n\u0131n uluslararas\u0131 ter\u00f6rle m\u00fccadele i\u00e7in b\u00fct\u00fcn anla\u015fmalara ra\u011fmen Suriye\u2019deki ter\u00f6r\u00fc hakl\u0131 \u00e7\u0131kard\u0131\u011f\u0131n\u0131 belirterek Suriye\u2019deki krizin s\u0131n\u0131rlar\u0131 a\u015farak Irak\u2019a ula\u015ft\u0131\u011f\u0131n\u0131, bat\u0131n\u0131n ter\u00f6rle m\u00fccadelede Irak\u2019a yard\u0131m etti\u011fini ayn\u0131 \u015feyi Suriye\u2019de yapmad\u0131\u011f\u0131na i\u015faret etti.<\/p>\n<p>Lavrov, Moskova \u00dcniversitesinde yapt\u0131\u011f\u0131 konu\u015fmada, s\u00f6zde \u201cArap bahar\u0131\u201d sonu\u00e7lar\u0131n\u0131n ne \u00f6nemlisinin ter\u00f6ristlerin aktivitelerini artt\u0131rd\u0131\u011f\u0131n\u0131 a\u00e7\u0131klayarak, Suriye konusunda 2 y\u0131ldan fazla bir zamand\u0131r uluslararas\u0131 anla\u015fmalar\u0131n g\u00f6z ard\u0131 edildi\u011fine dikkat \u00e7ekti.<\/p>\n<p>&nbsp;<\/p>\n","protected":false},"excerpt":{"rendered":"<p>MOSKOVA \u2013 Rusya D\u0131\u015fi\u015fleri Bakan\u0131 Sergey Lavrov, Bat\u0131n\u0131n uluslararas\u0131 ter\u00f6rle m\u00fccadele i\u00e7in b\u00fct\u00fcn anla\u015fmalara ra\u011fmen Suriye\u2019deki ter\u00f6r\u00fc hakl\u0131 \u00e7\u0131kard\u0131\u011f\u0131n\u0131 belirterek Suriye\u2019deki krizin s\u0131n\u0131rlar\u0131 a\u015farak Irak\u2019a ula\u015ft\u0131\u011f\u0131n\u0131, bat\u0131n\u0131n ter\u00f6rle m\u00fccadelede Irak\u2019a yard\u0131m etti\u011fini ayn\u0131 \u015feyi Suriye\u2019de yapmad\u0131\u011f\u0131na i\u015faret etti. Lavrov, Moskova \u00dcniversitesinde yapt\u0131\u011f\u0131 konu\u015fmada, s\u00f6zde \u201cArap bahar\u0131\u201d sonu\u00e7lar\u0131n\u0131n ne \u00f6nemlisinin ter\u00f6ristlerin aktivitelerini artt\u0131rd\u0131\u011f\u0131n\u0131 a\u00e7\u0131klayarak, Suriye konusunda &hellip;<\/p>\n","protected":false},"author":1,"featured_media":8683,"comment_status":"closed","ping_status":"closed","sticky":false,"template":"","format":"standard","meta":{"footnotes":""},"categories":[458,459,447],"tags":[1949],"class_list":["post-8682","post","type-post","status-publish","format-standard","has-post-thumbnail","","category-dunya1","category-haberler-arap-uluslararasi-politika","category-politika","tag-bati-terorle-mucadelede-iraka-yardim-ediyor-suriyede-ise-goz-ardi-ediyor"],"_links":{"self":[{"href":"https:\/\/archive.sana.sy\/tr\/index.php?rest_route=\/wp\/v2\/posts\/8682","targetHints":{"allow":["GET"]}}],"collection":[{"href":"https:\/\/archive.sana.sy\/tr\/index.php?rest_route=\/wp\/v2\/posts"}],"about":[{"href":"https:\/\/archive.sana.sy\/tr\/index.php?rest_route=\/wp\/v2\/types\/post"}],"author":[{"embeddable":true,"href":"https:\/\/archive.sana.sy\/tr\/index.php?rest_route=\/wp\/v2\/users\/1"}],"replies":[{"embeddable":true,"href":"https:\/\/archive.sana.sy\/tr\/index.php?rest_route=%2Fwp%2Fv2%2Fcomments&post=8682"}],"version-history":[{"count":0,"href":"https:\/\/archive.sana.sy\/tr\/index.php?rest_route=\/wp\/v2\/posts\/8682\/revisions"}],"wp:featuredmedia":[{"embeddable":true,"href":"https:\/\/archive.sana.sy\/tr\/index.php?rest_route=\/wp\/v2\/media\/8683"}],"wp:attachment":[{"href":"https:\/\/archive.sana.sy\/tr\/index.php?rest_route=%2Fwp%2Fv2%2Fmedia&parent=8682"}],"wp:term":[{"taxonomy":"category","embeddable":true,"href":"https:\/\/archive.sana.sy\/tr\/index.php?rest_route=%2Fwp%2Fv2%2Fcategories&post=8682"},{"taxonomy":"post_tag","embeddable":true,"href":"https:\/\/archive.sana.sy\/tr\/index.php?rest_route=%2Fwp%2Fv2%2Ftags&post=8682"}],"curies":[{"name":"wp","href":"https:\/\/api.w.org\/{rel}","templated":true}]}}