{"id":86973,"date":"2016-09-07T12:00:14","date_gmt":"2016-09-07T09:00:14","guid":{"rendered":"http:\/\/www.sana.sy\/tr\/?p=86973"},"modified":"2016-09-07T12:45:29","modified_gmt":"2016-09-07T09:45:29","slug":"sana-kamerasi-ordu-birliklerimizin-dera-kirsalinin-kuzeyinde-teroristlerden-temizledigi-terk-edilmis-askeri-mevkide-dolasti","status":"publish","type":"post","link":"https:\/\/archive.sana.sy\/tr\/?p=86973","title":{"rendered":"SANA kameras\u0131 ordu birliklerimizin Dera k\u0131rsal\u0131n\u0131n kuzeyinde ter\u00f6ristlerden temizledi\u011fi terk edilmi\u015f askeri mevkide dola\u015ft\u0131"},"content":{"rendered":"<p>SANA kameras\u0131 ordu birliklerimizin Dera k\u0131rsal\u0131n\u0131n kuzeyinde ter\u00f6ristlerden temizledi\u011fi terk edilmi\u015f askeri mevkide dola\u015ft\u0131<\/p>\n<p>https:\/\/youtu.be\/kKSzaGcjn6k<\/p>\n<p>R.H.<\/p>\n","protected":false},"excerpt":{"rendered":"<p>SANA kameras\u0131 ordu birliklerimizin Dera k\u0131rsal\u0131n\u0131n kuzeyinde ter\u00f6ristlerden temizledi\u011fi terk edilmi\u015f askeri mevkide dola\u015ft\u0131 https:\/\/youtu.be\/kKSzaGcjn6k R.H.<\/p>\n","protected":false},"author":1,"featured_media":86981,"comment_status":"closed","ping_status":"closed","sticky":false,"template":"","format":"standard","meta":{"footnotes":""},"categories":[18295],"tags":[23757],"class_list":["post-86973","post","type-post","status-publish","format-standard","has-post-thumbnail","","category-sana-video","tag-sana-kamerasi-ordu-birliklerimizin-dera-kirsalinin-kuzeyinde-teroristlerden-temizledigi-terk-edilmis-askeri-mevkide-dolasti"],"_links":{"self":[{"href":"https:\/\/archive.sana.sy\/tr\/index.php?rest_route=\/wp\/v2\/posts\/86973","targetHints":{"allow":["GET"]}}],"collection":[{"href":"https:\/\/archive.sana.sy\/tr\/index.php?rest_route=\/wp\/v2\/posts"}],"about":[{"href":"https:\/\/archive.sana.sy\/tr\/index.php?rest_route=\/wp\/v2\/types\/post"}],"author":[{"embeddable":true,"href":"https:\/\/archive.sana.sy\/tr\/index.php?rest_route=\/wp\/v2\/users\/1"}],"replies":[{"embeddable":true,"href":"https:\/\/archive.sana.sy\/tr\/index.php?rest_route=%2Fwp%2Fv2%2Fcomments&post=86973"}],"version-history":[{"count":0,"href":"https:\/\/archive.sana.sy\/tr\/index.php?rest_route=\/wp\/v2\/posts\/86973\/revisions"}],"wp:featuredmedia":[{"embeddable":true,"href":"https:\/\/archive.sana.sy\/tr\/index.php?rest_route=\/wp\/v2\/media\/86981"}],"wp:attachment":[{"href":"https:\/\/archive.sana.sy\/tr\/index.php?rest_route=%2Fwp%2Fv2%2Fmedia&parent=86973"}],"wp:term":[{"taxonomy":"category","embeddable":true,"href":"https:\/\/archive.sana.sy\/tr\/index.php?rest_route=%2Fwp%2Fv2%2Fcategories&post=86973"},{"taxonomy":"post_tag","embeddable":true,"href":"https:\/\/archive.sana.sy\/tr\/index.php?rest_route=%2Fwp%2Fv2%2Ftags&post=86973"}],"curies":[{"name":"wp","href":"https:\/\/api.w.org\/{rel}","templated":true}]}}