{"id":8700,"date":"2014-09-01T12:00:44","date_gmt":"2014-09-01T09:00:44","guid":{"rendered":"http:\/\/www.sana.sy\/tr\/?p=8700"},"modified":"2014-09-01T21:14:13","modified_gmt":"2014-09-01T18:14:13","slug":"ordu-birliklerimiz-teroristlerin-urdun-sinirindan-kunaytraya-dogru-tedarik-yollarini-kesti","status":"publish","type":"post","link":"https:\/\/archive.sana.sy\/tr\/?p=8700","title":{"rendered":"Ordu Birliklerimiz Ter\u00f6ristlerin \u00dcrd\u00fcn S\u0131n\u0131r\u0131ndan Kunaytra\u2019ya Do\u011fru Tedarik Yollar\u0131n\u0131 Kesti"},"content":{"rendered":"<p>DERA \u2013 Ordu ve Silahl\u0131 kuvvetlerimize tabi birliklerimiz Dera\u2019n\u0131n bat\u0131 k\u0131rsal\u0131nda konu\u015flanan ter\u00f6r \u00f6rg\u00fctlerine kar\u015f\u0131 operasyonlar\u0131n\u0131 \u00f6zellikle Dera-Yaduda ekseninde s\u00fcrd\u00fcr\u00fcrken \u00f6nemli ilerlemeler kaydetti ve Suriye \u2013 \u00dcrd\u00fcn s\u0131n\u0131r\u0131ndan Kunaytra kentine gelen s\u00f6z konusu \u00f6rg\u00fct ter\u00f6ristlerinin izledi\u011fi tedarik yollar\u0131n\u0131 kesmelerini sa\u011flad\u0131.<\/p>\n<p>Ordu birliklerimizin bu b\u00f6lgede ger\u00e7ekle\u015ftirdi\u011fi ilerlemeler Yaduda, Mzeyrib ve Harap el \u015eahm Beldelerindeki ter\u00f6ristlerin h\u00fccrelerini ate\u015flerinin hedefi alt\u0131na koydu\u00e7 \u00d6yle ki aralar\u0131ndaki mesafe 1300 metreye kadar d\u00fc\u015ft\u00fc.<\/p>\n<p>Bir saha komutan\u0131 SANA muhabirine, ordunun yakla\u015f\u0131k 50 bin n\u00fcfuslu el Yermuk ve el Basil Banliy\u00f6lerinde ya\u015fayan g\u00fcvenli ahalinin ter\u00f6ristlerin sald\u0131r\u0131\u015flar\u0131ndan korumak amac\u0131yla tam g\u00fcvenli\u011fini sa\u011flamak hedefiyle, Dera-Yaduda ekseninde yeni \u00e7at\u0131\u015fma hatlar\u0131 koyduklar\u0131n\u0131 a\u00e7\u0131klayarak buna ek olarak kentin bat\u0131 cephesini de koruma alt\u0131na ald\u0131klar\u0131n\u0131 ifade etti.<\/p>\n<p>Komutan, ter\u00f6rist gruplar\u0131n kente bir \u00e7ok eksenden girme giri\u015fimlerinin ba\u015far\u0131s\u0131zl\u0131klar\u0131n\u0131n Dera kentine girebilecekleri ve di\u011fer b\u00f6lgelerde yapt\u0131klar\u0131 gibi sakinlerini g\u00f6\u00e7 ettirme zann\u0131yla bu cepheden girmelerine itti\u011fine dikkat \u00e7ekti.<\/p>\n<p>Komutan, ordu birliklerinin ter\u00f6ristlerin Dera kentine girme veya s\u0131zma y\u00f6n\u00fcndeki b\u00fct\u00fcn giri\u015fimlerini p\u00fcsk\u00fcrtmeye devam etti\u011fini belirtti.<\/p>\n<p>Komutan, Yaduda eksenine ter\u00f6ristlerin 17 sald\u0131r\u0131 ve s\u0131zma giri\u015fimlerinin ba\u015far\u0131s\u0131zl\u0131\u011fa u\u011frat\u0131ld\u0131\u011f\u0131na buna ek olarak \u00dcrd\u00fcn s\u0131n\u0131r\u0131ndan Dera bat\u0131 k\u0131rsal\u0131n\u0131n muhtelif b\u00f6lgelerine onlarca s\u0131zma giri\u015fimlerini \u00e7\u00f6kerttiklerine i\u015faret etti.<\/p>\n<p>Saha komutan\u0131 ter\u00f6ristlerin yeni \u00e7at\u0131\u015fma hatlar\u0131 koyulmadan \u00f6nce yukar\u0131da belirtti\u011fimiz iki banliy\u00f6ye y\u00f6nelik sald\u0131r\u0131lar\u0131n\u0131n ba\u015flang\u0131\u00e7 noktas\u0131 olarak Tafas-Yaduda- Vadi el Zeydi \u00fc\u00e7genini kulland\u0131klar\u0131na dikkat \u00e7ekti.<\/p>\n<p>Komutan, ordunun Suriye dahilindeki \u00e7\u00f6pl\u00fcklerin at\u0131ld\u0131\u011f\u0131 alan\u0131n kar\u015f\u0131s\u0131ndaki \u00dcrd\u00fcn G\u00f6zlemleme Noktas\u0131ndan silah ta\u015f\u0131ma, ve ter\u00f6ristlerin ka\u00e7\u0131r\u0131lmas\u0131 yollar\u0131n\u0131 kesmeye \u00e7al\u0131\u015ft\u0131\u011f\u0131n\u0131 belirtti.<\/p>\n<p>\u00d6yle ki bu nokta Suriye ve \u00dcrd\u00fcn topraklar\u0131 aras\u0131nda ter\u00f6ristlerin ta\u015f\u0131nma yollar\u0131 olarak biliniyor.<\/p>\n<p>Dera kentinin ahalilerini a\u00e7l\u0131\u011fa s\u00fcr\u00fcklemek i\u00e7in sebze ve meyve ile temel ihtiya\u00e7lar\u0131n kar\u015f\u0131lanmas\u0131 yollar\u0131n\u0131 kesmek i\u00e7in ter\u00f6ristlerin tekrarlana gelen sald\u0131r\u0131lar\u0131 ve s\u0131zma giri\u015fimleri kahraman ordu birliklerimiz taraf\u0131ndan bu sald\u0131r\u0131lara kar\u015f\u0131 koymak ve p\u00fcsk\u00fcrtmekle g\u00fcven i\u00e7erisindeki vatanda\u015flar\u0131 korumak i\u00e7in azim ve \u0131srar\u0131yla kar\u015f\u0131 kar\u015f\u0131ya geliyor.<\/p>\n<p>Bu azim ve \u0131srar herhangi bir ter\u00f6ristin kente s\u0131zmas\u0131ndan Dera Beled ve k\u0131rsal\u0131nda son toplanma merkezlerini ve h\u00fccrelerini imha edinceye kadar devam edecektir.<\/p>\n","protected":false},"excerpt":{"rendered":"<p>DERA \u2013 Ordu ve Silahl\u0131 kuvvetlerimize tabi birliklerimiz Dera\u2019n\u0131n bat\u0131 k\u0131rsal\u0131nda konu\u015flanan ter\u00f6r \u00f6rg\u00fctlerine kar\u015f\u0131 operasyonlar\u0131n\u0131 \u00f6zellikle Dera-Yaduda ekseninde s\u00fcrd\u00fcr\u00fcrken \u00f6nemli ilerlemeler kaydetti ve Suriye \u2013 \u00dcrd\u00fcn s\u0131n\u0131r\u0131ndan Kunaytra kentine gelen s\u00f6z konusu \u00f6rg\u00fct ter\u00f6ristlerinin izledi\u011fi tedarik yollar\u0131n\u0131 kesmelerini sa\u011flad\u0131. Ordu birliklerimizin bu b\u00f6lgede ger\u00e7ekle\u015ftirdi\u011fi ilerlemeler Yaduda, Mzeyrib ve Harap el \u015eahm Beldelerindeki ter\u00f6ristlerin h\u00fccrelerini &hellip;<\/p>\n","protected":false},"author":1,"featured_media":8701,"comment_status":"closed","ping_status":"closed","sticky":false,"template":"","format":"standard","meta":{"footnotes":""},"categories":[575],"tags":[1951],"class_list":["post-8700","post","type-post","status-publish","format-standard","has-post-thumbnail","","category-olaylar-ve-gercekler","tag-ordu-birliklerimiz-teroristlerin-urdun-sinirindan-kunaytraya-dogru-tedarik-yollarini-kesti"],"_links":{"self":[{"href":"https:\/\/archive.sana.sy\/tr\/index.php?rest_route=\/wp\/v2\/posts\/8700","targetHints":{"allow":["GET"]}}],"collection":[{"href":"https:\/\/archive.sana.sy\/tr\/index.php?rest_route=\/wp\/v2\/posts"}],"about":[{"href":"https:\/\/archive.sana.sy\/tr\/index.php?rest_route=\/wp\/v2\/types\/post"}],"author":[{"embeddable":true,"href":"https:\/\/archive.sana.sy\/tr\/index.php?rest_route=\/wp\/v2\/users\/1"}],"replies":[{"embeddable":true,"href":"https:\/\/archive.sana.sy\/tr\/index.php?rest_route=%2Fwp%2Fv2%2Fcomments&post=8700"}],"version-history":[{"count":0,"href":"https:\/\/archive.sana.sy\/tr\/index.php?rest_route=\/wp\/v2\/posts\/8700\/revisions"}],"wp:featuredmedia":[{"embeddable":true,"href":"https:\/\/archive.sana.sy\/tr\/index.php?rest_route=\/wp\/v2\/media\/8701"}],"wp:attachment":[{"href":"https:\/\/archive.sana.sy\/tr\/index.php?rest_route=%2Fwp%2Fv2%2Fmedia&parent=8700"}],"wp:term":[{"taxonomy":"category","embeddable":true,"href":"https:\/\/archive.sana.sy\/tr\/index.php?rest_route=%2Fwp%2Fv2%2Fcategories&post=8700"},{"taxonomy":"post_tag","embeddable":true,"href":"https:\/\/archive.sana.sy\/tr\/index.php?rest_route=%2Fwp%2Fv2%2Ftags&post=8700"}],"curies":[{"name":"wp","href":"https:\/\/api.w.org\/{rel}","templated":true}]}}