{"id":87002,"date":"2016-09-07T13:00:36","date_gmt":"2016-09-07T10:00:36","guid":{"rendered":"http:\/\/www.sana.sy\/tr\/?p=87002"},"modified":"2016-09-07T13:42:12","modified_gmt":"2016-09-07T10:42:12","slug":"cumhurbaskani-bessar-el-esad-huseyin-ahmet-diyabin-halep-valisi-olarak-atanmasini-ongoren-karari-onayladi","status":"publish","type":"post","link":"https:\/\/archive.sana.sy\/tr\/?p=87002","title":{"rendered":"Cumhurba\u015fkan\u0131 Be\u015f\u015far el Esad H\u00fcseyin Ahmet Diyab\u2019\u0131n Halep Valisi olarak atanmas\u0131n\u0131 \u00f6ng\u00f6ren karar\u0131 onaylad\u0131"},"content":{"rendered":"<p>Cumhurba\u015fkan\u0131 Be\u015f\u015far el Esad H\u00fcseyin Ahmet Diyab\u2019\u0131n Halep Valisi olarak atanmas\u0131n\u0131 \u00f6ng\u00f6ren karar\u0131 onaylad\u0131<\/p>\n","protected":false},"excerpt":{"rendered":"<p>Cumhurba\u015fkan\u0131 Be\u015f\u015far el Esad H\u00fcseyin Ahmet Diyab\u2019\u0131n Halep Valisi olarak atanmas\u0131n\u0131 \u00f6ng\u00f6ren karar\u0131 onaylad\u0131<\/p>\n","protected":false},"author":1,"featured_media":0,"comment_status":"closed","ping_status":"closed","sticky":false,"template":"","format":"standard","meta":{"footnotes":""},"categories":[17991],"tags":[],"class_list":["post-87002","post","type-post","status-publish","format-standard","","category-son-dakika"],"_links":{"self":[{"href":"https:\/\/archive.sana.sy\/tr\/index.php?rest_route=\/wp\/v2\/posts\/87002","targetHints":{"allow":["GET"]}}],"collection":[{"href":"https:\/\/archive.sana.sy\/tr\/index.php?rest_route=\/wp\/v2\/posts"}],"about":[{"href":"https:\/\/archive.sana.sy\/tr\/index.php?rest_route=\/wp\/v2\/types\/post"}],"author":[{"embeddable":true,"href":"https:\/\/archive.sana.sy\/tr\/index.php?rest_route=\/wp\/v2\/users\/1"}],"replies":[{"embeddable":true,"href":"https:\/\/archive.sana.sy\/tr\/index.php?rest_route=%2Fwp%2Fv2%2Fcomments&post=87002"}],"version-history":[{"count":0,"href":"https:\/\/archive.sana.sy\/tr\/index.php?rest_route=\/wp\/v2\/posts\/87002\/revisions"}],"wp:attachment":[{"href":"https:\/\/archive.sana.sy\/tr\/index.php?rest_route=%2Fwp%2Fv2%2Fmedia&parent=87002"}],"wp:term":[{"taxonomy":"category","embeddable":true,"href":"https:\/\/archive.sana.sy\/tr\/index.php?rest_route=%2Fwp%2Fv2%2Fcategories&post=87002"},{"taxonomy":"post_tag","embeddable":true,"href":"https:\/\/archive.sana.sy\/tr\/index.php?rest_route=%2Fwp%2Fv2%2Ftags&post=87002"}],"curies":[{"name":"wp","href":"https:\/\/api.w.org\/{rel}","templated":true}]}}