{"id":87014,"date":"2016-09-07T14:22:34","date_gmt":"2016-09-07T11:22:34","guid":{"rendered":"http:\/\/www.sana.sy\/tr\/?p=87014"},"modified":"2016-09-09T16:05:11","modified_gmt":"2016-09-09T13:05:11","slug":"meclis-baskani-il-milletvekilleriyle-temaslarini-surduruyor","status":"publish","type":"post","link":"https:\/\/archive.sana.sy\/tr\/?p=87014","title":{"rendered":"Meclis Ba\u015fkan\u0131 \u0130l Milletvekilleriyle Temaslar\u0131n\u0131 S\u00fcrd\u00fcr\u00fcyor"},"content":{"rendered":"<p>\u015eAM \u2013 T\u00fcm illerin milletvekilleriyle ayr\u0131 ayr\u0131 temaslar\u0131n\u0131 s\u00fcrd\u00fcren Halk Meclisi Ba\u015fkan\u0131 Hediye Abbas bug\u00fcn Halep ve k\u0131rsal\u0131 milletvekilleriyle g\u00f6r\u00fc\u015fmesinde Halep ve k\u0131rsal\u0131nda vatanda\u015flar\u0131n ya\u015fam\u0131n\u0131 yans\u0131tan, ihtiya\u00e7 ve hizmet durumlar\u0131na \u0131\u015f\u0131k tutan bir raporun haz\u0131rlanmas\u0131 \u00e7a\u011fr\u0131s\u0131nda bulundu.<\/p>\n<p><a href=\"http:\/\/www.sana.sy\/tr\/wp-content\/uploads\/2016\/09\/Abbas-1-1.jpg\"><img loading=\"lazy\" decoding=\"async\" class=\"alignright wp-image-87017 size-medium\" src=\"http:\/\/www.sana.sy\/tr\/wp-content\/uploads\/2016\/09\/Abbas-1-1-300x172.jpg\" alt=\"Abbas 1\" width=\"300\" height=\"172\" srcset=\"https:\/\/archive.sana.sy\/tr\/wp-content\/uploads\/2016\/09\/Abbas-1-1-300x172.jpg 300w, https:\/\/archive.sana.sy\/tr\/wp-content\/uploads\/2016\/09\/Abbas-1-1-150x86.jpg 150w, https:\/\/archive.sana.sy\/tr\/wp-content\/uploads\/2016\/09\/Abbas-1-1-768x440.jpg 768w, https:\/\/archive.sana.sy\/tr\/wp-content\/uploads\/2016\/09\/Abbas-1-1-1024x586.jpg 1024w\" sizes=\"auto, (max-width: 300px) 100vw, 300px\" \/><\/a>Meclis Ba\u015fkan\u0131 Abbas raporun t\u00fcm durumlara ger\u00e7ek\u00e7i bir yakla\u015f\u0131mla haz\u0131rlanmas\u0131 gere\u011finin alt\u0131n\u0131 \u00e7izerken, mevcut sorunlar\u0131 \u00e7\u00f6zme ve ko\u015fullar\u0131 iyile\u015ftirme amac\u0131yla bunun ilgili kurum ve taraflara sunulaca\u011f\u0131n\u0131 kaydetti.<\/p>\n<p>Milletvekillerini vatanda\u015flarla yak\u0131n diyalog i\u00e7inde olma ve sorunlar\u0131n\u0131 yak\u0131ndan g\u00f6r\u00fcp istekler ve \u00f6nerilerini g\u00f6rmek i\u00e7in etkin bir \u00e7al\u0131\u015fma mekanizmas\u0131 haz\u0131rlamaya \u00e7a\u011f\u0131ran Abbas; sorun ve engellerin kald\u0131r\u0131lmas\u0131 i\u00e7in de muhtelif hizmet kurumlar\u0131 ve resmi dairelerle temasta kalmalar\u0131na davet etti.<\/p>\n<p>Milletvekilleri ise toplant\u0131da vatanda\u015flarla ileti\u015fimin kolayla\u015ft\u0131r\u0131lmas\u0131 ve sorunlar\u0131n\u0131n al\u0131nmas\u0131 amac\u0131yla Halep\u2019te milletvekillerine \u00e7al\u0131\u015fma mekan\u0131 temin etme \u00e7a\u011fr\u0131s\u0131nda bulundular.<\/p>\n","protected":false},"excerpt":{"rendered":"<p>\u015eAM \u2013 T\u00fcm illerin milletvekilleriyle ayr\u0131 ayr\u0131 temaslar\u0131n\u0131 s\u00fcrd\u00fcren Halk Meclisi Ba\u015fkan\u0131 Hediye Abbas bug\u00fcn Halep ve k\u0131rsal\u0131 milletvekilleriyle g\u00f6r\u00fc\u015fmesinde Halep ve k\u0131rsal\u0131nda vatanda\u015flar\u0131n ya\u015fam\u0131n\u0131 yans\u0131tan, ihtiya\u00e7 ve hizmet durumlar\u0131na \u0131\u015f\u0131k tutan bir raporun haz\u0131rlanmas\u0131 \u00e7a\u011fr\u0131s\u0131nda bulundu. Meclis Ba\u015fkan\u0131 Abbas raporun t\u00fcm durumlara ger\u00e7ek\u00e7i bir yakla\u015f\u0131mla haz\u0131rlanmas\u0131 gere\u011finin alt\u0131n\u0131 \u00e7izerken, mevcut sorunlar\u0131 \u00e7\u00f6zme ve ko\u015fullar\u0131 &hellip;<\/p>\n","protected":false},"author":1,"featured_media":87015,"comment_status":"closed","ping_status":"closed","sticky":false,"template":"","format":"standard","meta":{"footnotes":""},"categories":[479,17988,478],"tags":[23764,16838,23765,23763],"class_list":["post-87014","post","type-post","status-publish","format-standard","has-post-thumbnail","","category-haberler-yerel","category-son-haberler","category-yerel","tag-halep-milletvekilleri","tag-halk-meclisi","tag-hediye-abbas","tag-il-meilletvekilleri"],"_links":{"self":[{"href":"https:\/\/archive.sana.sy\/tr\/index.php?rest_route=\/wp\/v2\/posts\/87014","targetHints":{"allow":["GET"]}}],"collection":[{"href":"https:\/\/archive.sana.sy\/tr\/index.php?rest_route=\/wp\/v2\/posts"}],"about":[{"href":"https:\/\/archive.sana.sy\/tr\/index.php?rest_route=\/wp\/v2\/types\/post"}],"author":[{"embeddable":true,"href":"https:\/\/archive.sana.sy\/tr\/index.php?rest_route=\/wp\/v2\/users\/1"}],"replies":[{"embeddable":true,"href":"https:\/\/archive.sana.sy\/tr\/index.php?rest_route=%2Fwp%2Fv2%2Fcomments&post=87014"}],"version-history":[{"count":0,"href":"https:\/\/archive.sana.sy\/tr\/index.php?rest_route=\/wp\/v2\/posts\/87014\/revisions"}],"wp:featuredmedia":[{"embeddable":true,"href":"https:\/\/archive.sana.sy\/tr\/index.php?rest_route=\/wp\/v2\/media\/87015"}],"wp:attachment":[{"href":"https:\/\/archive.sana.sy\/tr\/index.php?rest_route=%2Fwp%2Fv2%2Fmedia&parent=87014"}],"wp:term":[{"taxonomy":"category","embeddable":true,"href":"https:\/\/archive.sana.sy\/tr\/index.php?rest_route=%2Fwp%2Fv2%2Fcategories&post=87014"},{"taxonomy":"post_tag","embeddable":true,"href":"https:\/\/archive.sana.sy\/tr\/index.php?rest_route=%2Fwp%2Fv2%2Ftags&post=87014"}],"curies":[{"name":"wp","href":"https:\/\/api.w.org\/{rel}","templated":true}]}}