{"id":87020,"date":"2016-09-07T12:30:28","date_gmt":"2016-09-07T09:30:28","guid":{"rendered":"http:\/\/www.sana.sy\/tr\/?p=87020"},"modified":"2016-09-09T16:06:11","modified_gmt":"2016-09-09T13:06:11","slug":"cinli-2-sirketle-anlasma-imzalandi","status":"publish","type":"post","link":"https:\/\/archive.sana.sy\/tr\/?p=87020","title":{"rendered":"\u00c7inli 2 \u015eirketle Anla\u015fma \u0130mzaland\u0131"},"content":{"rendered":"<p>\u015eAM \u2013 Elektrik Bakanl\u0131\u011f\u0131 bug\u00fcn \u00c7inli Reel Power International ve Eixaan Electric Engineering \u015firketleri ile Lazkiye\u2019de 230\/66\/20 kV kapasitede Datur Elektrik \u015ealt Sahas\u0131 in\u015fa etme anla\u015fmas\u0131 imzalad\u0131.<\/p>\n<p><a href=\"http:\/\/www.sana.sy\/tr\/wp-content\/uploads\/2016\/09\/elektrik-bakan\u0131-2.jpg\"><img loading=\"lazy\" decoding=\"async\" class=\"alignright wp-image-87116 size-medium\" src=\"http:\/\/www.sana.sy\/tr\/wp-content\/uploads\/2016\/09\/elektrik-bakan\u0131-2-300x194.jpg\" alt=\"elektrik-bakani-2\" width=\"300\" height=\"194\" srcset=\"https:\/\/archive.sana.sy\/tr\/wp-content\/uploads\/2016\/09\/elektrik-bakan\u0131-2-300x194.jpg 300w, https:\/\/archive.sana.sy\/tr\/wp-content\/uploads\/2016\/09\/elektrik-bakan\u0131-2-150x97.jpg 150w, https:\/\/archive.sana.sy\/tr\/wp-content\/uploads\/2016\/09\/elektrik-bakan\u0131-2-768x496.jpg 768w, https:\/\/archive.sana.sy\/tr\/wp-content\/uploads\/2016\/09\/elektrik-bakan\u0131-2-1024x661.jpg 1024w\" sizes=\"auto, (max-width: 300px) 100vw, 300px\" \/><\/a>Anla\u015fma kapsam\u0131nda \u00c7inli iki \u015firket sivil \u00e7al\u0131\u015fmalar\u0131n yan\u0131 s\u0131ra t\u00fcm cihaz ve ekipmanlar\u0131 ithal etme ve montaj i\u015flemlerini yapacak.<\/p>\n<p>Anla\u015fman\u0131n imzalanmas\u0131 ard\u0131ndan bas\u0131na a\u00e7\u0131klama yapan Elektrik Bakan\u0131 Muhammed Z\u00fcheyr Harbutlu anla\u015fma maliyetinin 13 milyon 138 bin 800 euro oldu\u011funu kaydederken, 18 ayl\u0131k bir s\u00fcre i\u00e7inde \u00e7al\u0131\u015fmalar\u0131n tamamlanaca\u011f\u0131n\u0131 a\u00e7\u0131klad\u0131.<\/p>\n","protected":false},"excerpt":{"rendered":"<p>\u015eAM \u2013 Elektrik Bakanl\u0131\u011f\u0131 bug\u00fcn \u00c7inli Reel Power International ve Eixaan Electric Engineering \u015firketleri ile Lazkiye\u2019de 230\/66\/20 kV kapasitede Datur Elektrik \u015ealt Sahas\u0131 in\u015fa etme anla\u015fmas\u0131 imzalad\u0131. Anla\u015fma kapsam\u0131nda \u00c7inli iki \u015firket sivil \u00e7al\u0131\u015fmalar\u0131n yan\u0131 s\u0131ra t\u00fcm cihaz ve ekipmanlar\u0131 ithal etme ve montaj i\u015flemlerini yapacak. Anla\u015fman\u0131n imzalanmas\u0131 ard\u0131ndan bas\u0131na a\u00e7\u0131klama yapan Elektrik Bakan\u0131 Muhammed &hellip;<\/p>\n","protected":false},"author":1,"featured_media":87115,"comment_status":"closed","ping_status":"closed","sticky":false,"template":"","format":"standard","meta":{"footnotes":""},"categories":[485,486,17988],"tags":[23766,23768,23769,21860,23767],"class_list":["post-87020","post","type-post","status-publish","format-standard","has-post-thumbnail","","category-is-ve-sermaye","category-haberler-is-ve-sermaye","category-son-haberler","tag-cinli-2-sirketle-anlasma-imzalandi","tag-cinli-sirketler","tag-elektrik-bakani-muhammed-zuheyr-harbutlu","tag-elektrik-bakanligi","tag-salt-saha"],"_links":{"self":[{"href":"https:\/\/archive.sana.sy\/tr\/index.php?rest_route=\/wp\/v2\/posts\/87020","targetHints":{"allow":["GET"]}}],"collection":[{"href":"https:\/\/archive.sana.sy\/tr\/index.php?rest_route=\/wp\/v2\/posts"}],"about":[{"href":"https:\/\/archive.sana.sy\/tr\/index.php?rest_route=\/wp\/v2\/types\/post"}],"author":[{"embeddable":true,"href":"https:\/\/archive.sana.sy\/tr\/index.php?rest_route=\/wp\/v2\/users\/1"}],"replies":[{"embeddable":true,"href":"https:\/\/archive.sana.sy\/tr\/index.php?rest_route=%2Fwp%2Fv2%2Fcomments&post=87020"}],"version-history":[{"count":0,"href":"https:\/\/archive.sana.sy\/tr\/index.php?rest_route=\/wp\/v2\/posts\/87020\/revisions"}],"wp:featuredmedia":[{"embeddable":true,"href":"https:\/\/archive.sana.sy\/tr\/index.php?rest_route=\/wp\/v2\/media\/87115"}],"wp:attachment":[{"href":"https:\/\/archive.sana.sy\/tr\/index.php?rest_route=%2Fwp%2Fv2%2Fmedia&parent=87020"}],"wp:term":[{"taxonomy":"category","embeddable":true,"href":"https:\/\/archive.sana.sy\/tr\/index.php?rest_route=%2Fwp%2Fv2%2Fcategories&post=87020"},{"taxonomy":"post_tag","embeddable":true,"href":"https:\/\/archive.sana.sy\/tr\/index.php?rest_route=%2Fwp%2Fv2%2Ftags&post=87020"}],"curies":[{"name":"wp","href":"https:\/\/api.w.org\/{rel}","templated":true}]}}