{"id":87050,"date":"2016-09-07T16:30:28","date_gmt":"2016-09-07T13:30:28","guid":{"rendered":"http:\/\/www.sana.sy\/tr\/?p=87050"},"modified":"2016-09-09T16:05:03","modified_gmt":"2016-09-09T13:05:03","slug":"rusya-turkiyenin-tutumundan-derin-endise-duyuyor","status":"publish","type":"post","link":"https:\/\/archive.sana.sy\/tr\/?p=87050","title":{"rendered":"Rusya, T\u00fcrkiye&#8217;nin Tutumundan Derin Endi\u015fe Duyuyor"},"content":{"rendered":"<p>MOSKOVA \u2013 Rusya D\u0131\u015fi\u015fleri Bakanl\u0131\u011f\u0131 T\u00fcrkiye h\u00fck\u00fcmetinin bulundu\u011fu davran\u0131\u015flar ve att\u0131\u011f\u0131 ad\u0131mlar\u0131n, Suriye Arap Cumhuriyetinde askeri ve siyasi durumlar\u0131 karma\u015f\u0131k k\u0131labilece\u011fini ve bu \u00fclkedeki krizin \u00e7\u00f6z\u00fcm\u00fc y\u00f6n\u00fcnde harcanan uluslar aras\u0131 \u00e7abalar\u0131 olumsuz etkileyip sabote edebilece\u011fini belirtti.<\/p>\n<p>Rus bakanl\u0131k bug\u00fcn yay\u0131nlad\u0131\u011f\u0131 b\u00fcltende T\u00fcrkiye ordusunun Suriye topraklar\u0131n\u0131n derinliklerine sald\u0131rmas\u0131ndan dolay\u0131 duydu\u011fu derin endi\u015feyi ifade ederken, durumlar\u0131 daha da karma\u015f\u0131kla\u015ft\u0131racak ve t\u0131rmand\u0131racak t\u00fcm ad\u0131mlardan uzak durma \u00e7a\u011fr\u0131s\u0131nda bulundu.<\/p>\n<p>Rus Bakanl\u0131k T\u00fcrkiye h\u00fck\u00fcmetinin, Suriye&#8217;de me\u015fru h\u00fck\u00fcmet ve BM\u2019nin onay ya da izni olmaks\u0131z\u0131n bulundu\u011fu davran\u0131\u015flar\u0131n Suriye&#8217;nin egemenli\u011fini ve toprak b\u00fct\u00fcnl\u00fc\u011f\u00fcn\u00fc tehdit etti\u011finin alt\u0131n\u0131 \u00e7izdi.<\/p>\n","protected":false},"excerpt":{"rendered":"<p>MOSKOVA \u2013 Rusya D\u0131\u015fi\u015fleri Bakanl\u0131\u011f\u0131 T\u00fcrkiye h\u00fck\u00fcmetinin bulundu\u011fu davran\u0131\u015flar ve att\u0131\u011f\u0131 ad\u0131mlar\u0131n, Suriye Arap Cumhuriyetinde askeri ve siyasi durumlar\u0131 karma\u015f\u0131k k\u0131labilece\u011fini ve bu \u00fclkedeki krizin \u00e7\u00f6z\u00fcm\u00fc y\u00f6n\u00fcnde harcanan uluslar aras\u0131 \u00e7abalar\u0131 olumsuz etkileyip sabote edebilece\u011fini belirtti. Rus bakanl\u0131k bug\u00fcn yay\u0131nlad\u0131\u011f\u0131 b\u00fcltende T\u00fcrkiye ordusunun Suriye topraklar\u0131n\u0131n derinliklerine sald\u0131rmas\u0131ndan dolay\u0131 duydu\u011fu derin endi\u015feyi ifade ederken, durumlar\u0131 daha &hellip;<\/p>\n","protected":false},"author":1,"featured_media":87051,"comment_status":"closed","ping_status":"closed","sticky":false,"template":"","format":"standard","meta":{"footnotes":""},"categories":[17988,2554,2555],"tags":[23522,16592,17146,23775,19213,23774],"class_list":["post-87050","post","type-post","status-publish","format-standard","has-post-thumbnail","","category-son-haberler","category-suriye-ve-dunya","category-suriye-ve-turkiye","tag-cerablus-operasyonlari","tag-rusya","tag-rusya-disisleri-bakanligi","tag-turk-ordusunun-suriyeye-girisi","tag-turkiye-suriyeye-saldirdi","tag-turkiyenin-tutumundan-derin-endise-duyuyor"],"_links":{"self":[{"href":"https:\/\/archive.sana.sy\/tr\/index.php?rest_route=\/wp\/v2\/posts\/87050","targetHints":{"allow":["GET"]}}],"collection":[{"href":"https:\/\/archive.sana.sy\/tr\/index.php?rest_route=\/wp\/v2\/posts"}],"about":[{"href":"https:\/\/archive.sana.sy\/tr\/index.php?rest_route=\/wp\/v2\/types\/post"}],"author":[{"embeddable":true,"href":"https:\/\/archive.sana.sy\/tr\/index.php?rest_route=\/wp\/v2\/users\/1"}],"replies":[{"embeddable":true,"href":"https:\/\/archive.sana.sy\/tr\/index.php?rest_route=%2Fwp%2Fv2%2Fcomments&post=87050"}],"version-history":[{"count":0,"href":"https:\/\/archive.sana.sy\/tr\/index.php?rest_route=\/wp\/v2\/posts\/87050\/revisions"}],"wp:featuredmedia":[{"embeddable":true,"href":"https:\/\/archive.sana.sy\/tr\/index.php?rest_route=\/wp\/v2\/media\/87051"}],"wp:attachment":[{"href":"https:\/\/archive.sana.sy\/tr\/index.php?rest_route=%2Fwp%2Fv2%2Fmedia&parent=87050"}],"wp:term":[{"taxonomy":"category","embeddable":true,"href":"https:\/\/archive.sana.sy\/tr\/index.php?rest_route=%2Fwp%2Fv2%2Fcategories&post=87050"},{"taxonomy":"post_tag","embeddable":true,"href":"https:\/\/archive.sana.sy\/tr\/index.php?rest_route=%2Fwp%2Fv2%2Ftags&post=87050"}],"curies":[{"name":"wp","href":"https:\/\/api.w.org\/{rel}","templated":true}]}}