{"id":87074,"date":"2016-09-07T17:06:20","date_gmt":"2016-09-07T14:06:20","guid":{"rendered":"http:\/\/www.sana.sy\/tr\/?p=87074"},"modified":"2016-09-09T16:04:12","modified_gmt":"2016-09-09T13:04:12","slug":"haseke-valiligi-tum-olanaklarini-sunuyor","status":"publish","type":"post","link":"https:\/\/archive.sana.sy\/tr\/?p=87074","title":{"rendered":"Haseke Valili\u011fi T\u00fcm Olanaklar\u0131n\u0131 Sunuyor"},"content":{"rendered":"<p>HASEKE \u2013 Haseke Valisi Muhammed Zeal el Ali D\u00fcnya G\u0131da Program\u0131n\u0131n Kam\u0131\u015fl\u0131 B\u00f6lge Ofisi M\u00fcd\u00fcr\u00fc Afra Nuh ile bir araya gelerek ofisin bulundu\u011fu \u00e7al\u0131\u015fmalar ve Haseke \u0130linin son olarak ya\u015fad\u0131\u011f\u0131 durumlar neticesinde kar\u015f\u0131la\u015ft\u0131\u011f\u0131 zorluklar\u0131 masaya yat\u0131rd\u0131.<\/p>\n<p><a href=\"http:\/\/www.sana.sy\/tr\/wp-content\/uploads\/2016\/09\/haseke-valisi-2.jpg\"><img loading=\"lazy\" decoding=\"async\" class=\"alignright wp-image-87114 size-medium\" src=\"http:\/\/www.sana.sy\/tr\/wp-content\/uploads\/2016\/09\/haseke-valisi-2-300x212.jpg\" alt=\"haseke-valisi-2\" width=\"300\" height=\"212\" srcset=\"https:\/\/archive.sana.sy\/tr\/wp-content\/uploads\/2016\/09\/haseke-valisi-2-300x212.jpg 300w, https:\/\/archive.sana.sy\/tr\/wp-content\/uploads\/2016\/09\/haseke-valisi-2-150x106.jpg 150w, https:\/\/archive.sana.sy\/tr\/wp-content\/uploads\/2016\/09\/haseke-valisi-2.jpg 700w\" sizes=\"auto, (max-width: 300px) 100vw, 300px\" \/><\/a>Vali Ali, insani alanlarda \u00e7al\u0131\u015fan \u00f6rg\u00fct ve kurumlar\u0131n vatanda\u015flara yard\u0131m etme ve mevcut ko\u015fullar\u0131n olumsuz etkisini azaltma g\u00f6revlerini ba\u015far\u0131yla icra etmeleri amac\u0131yla Valili\u011fin t\u00fcm olanaklar\u0131n\u0131 seferber etti\u011fine dikkat \u00e7ekti. 19 Temmuz tarihinden beri ba\u015fkent \u015eam ile Kam\u0131\u015fl\u0131 aras\u0131nda kurulan insani hava k\u00f6pr\u00fcs\u00fc \u00fczerinden aktar\u0131lan insani yard\u0131mlar dahil D\u00fcnya G\u0131da Program\u0131n\u0131n harcad\u0131\u011f\u0131 \u00e7abalar\u0131 \u00f6ven Haseke Valisi; temin edilen insani yard\u0131mlar\u0131n Haseke\u2019de \u0130nsani Yard\u0131m Yan Komitesi, sivil toplum kurumlar\u0131 ve hay\u0131r cemiyetleri arac\u0131l\u0131\u011f\u0131 ile haz\u0131rlanm\u0131\u015f ihtiya\u00e7 sahibi ailelere belirli yard\u0131m merkezleri \u00fczerinden da\u011f\u0131t\u0131ld\u0131\u011f\u0131n\u0131 kaydetti.<\/p>\n<p>D\u00fcnya G\u0131da Program\u0131 Kam\u0131\u015fl\u0131 Ofisi M\u00fcd\u00fcr\u00fc Nuh ise \u015eam ile Haseke aras\u0131nda kurulan insani yard\u0131m k\u00f6pr\u00fcs\u00fc \u00fczerinden program\u0131n sa\u011flad\u0131\u011f\u0131 50 binden fazla yard\u0131m kolisinin aktar\u0131ld\u0131\u011f\u0131na dikkat \u00e7ekti. Nuh bunlar\u0131n yan\u0131 s\u0131ra insani alanda faaliyet g\u00f6steren daha ba\u015fka kurum, cemiyet ve \u00f6rg\u00fctlerin da\u011f\u0131tt\u0131klar\u0131 g\u0131da ve daha ba\u015fka ihtiya\u00e7lardan ibaret b\u00fcy\u00fck miktarda insani yard\u0131m\u0131n bu k\u00f6pr\u00fc \u00fczerinden Haseke\u2019ye ula\u015ft\u0131\u011f\u0131n\u0131 s\u00f6yledi.<\/p>\n<p>Resmi kurumlar\u0131n program \u00e7al\u0131\u015fmalar\u0131n\u0131 kolayla\u015ft\u0131rma ve destek olmada harcad\u0131\u011f\u0131 \u00e7abalar\u0131n takdire \u015fayan oldu\u011funu kaydeden Nuh; vatanda\u015flara yard\u0131m etme ve durumlar\u0131 iyile\u015ftirme ama\u00e7l\u0131 ortakla\u015fa \u00e7abalar ve i\u015fbirli\u011fini \u00f6vd\u00fc.<\/p>\n","protected":false},"excerpt":{"rendered":"<p>HASEKE \u2013 Haseke Valisi Muhammed Zeal el Ali D\u00fcnya G\u0131da Program\u0131n\u0131n Kam\u0131\u015fl\u0131 B\u00f6lge Ofisi M\u00fcd\u00fcr\u00fc Afra Nuh ile bir araya gelerek ofisin bulundu\u011fu \u00e7al\u0131\u015fmalar ve Haseke \u0130linin son olarak ya\u015fad\u0131\u011f\u0131 durumlar neticesinde kar\u015f\u0131la\u015ft\u0131\u011f\u0131 zorluklar\u0131 masaya yat\u0131rd\u0131. Vali Ali, insani alanlarda \u00e7al\u0131\u015fan \u00f6rg\u00fct ve kurumlar\u0131n vatanda\u015flara yard\u0131m etme ve mevcut ko\u015fullar\u0131n olumsuz etkisini azaltma g\u00f6revlerini ba\u015far\u0131yla &hellip;<\/p>\n","protected":false},"author":1,"featured_media":87113,"comment_status":"closed","ping_status":"closed","sticky":false,"template":"","format":"standard","meta":{"footnotes":""},"categories":[479,17988,478],"tags":[23778,23777,16481],"class_list":["post-87074","post","type-post","status-publish","format-standard","has-post-thumbnail","","category-haberler-yerel","category-son-haberler","category-yerel","tag-dunya-gida-programinin-kamisli-bolge-ofisi-muduru-afra-nuh","tag-haseke-valiligi-tum-olanaklarini-sunuyor","tag-haseke-valisi-muhammed-zeal-el-ali"],"_links":{"self":[{"href":"https:\/\/archive.sana.sy\/tr\/index.php?rest_route=\/wp\/v2\/posts\/87074","targetHints":{"allow":["GET"]}}],"collection":[{"href":"https:\/\/archive.sana.sy\/tr\/index.php?rest_route=\/wp\/v2\/posts"}],"about":[{"href":"https:\/\/archive.sana.sy\/tr\/index.php?rest_route=\/wp\/v2\/types\/post"}],"author":[{"embeddable":true,"href":"https:\/\/archive.sana.sy\/tr\/index.php?rest_route=\/wp\/v2\/users\/1"}],"replies":[{"embeddable":true,"href":"https:\/\/archive.sana.sy\/tr\/index.php?rest_route=%2Fwp%2Fv2%2Fcomments&post=87074"}],"version-history":[{"count":0,"href":"https:\/\/archive.sana.sy\/tr\/index.php?rest_route=\/wp\/v2\/posts\/87074\/revisions"}],"wp:featuredmedia":[{"embeddable":true,"href":"https:\/\/archive.sana.sy\/tr\/index.php?rest_route=\/wp\/v2\/media\/87113"}],"wp:attachment":[{"href":"https:\/\/archive.sana.sy\/tr\/index.php?rest_route=%2Fwp%2Fv2%2Fmedia&parent=87074"}],"wp:term":[{"taxonomy":"category","embeddable":true,"href":"https:\/\/archive.sana.sy\/tr\/index.php?rest_route=%2Fwp%2Fv2%2Fcategories&post=87074"},{"taxonomy":"post_tag","embeddable":true,"href":"https:\/\/archive.sana.sy\/tr\/index.php?rest_route=%2Fwp%2Fv2%2Ftags&post=87074"}],"curies":[{"name":"wp","href":"https:\/\/api.w.org\/{rel}","templated":true}]}}