{"id":87077,"date":"2016-09-07T18:41:56","date_gmt":"2016-09-07T15:41:56","guid":{"rendered":"http:\/\/www.sana.sy\/tr\/?p=87077"},"modified":"2016-09-08T16:09:08","modified_gmt":"2016-09-08T13:09:08","slug":"sayilari-karargahlari-ve-araclariyla-agir-kayiplari-devam-ediyor","status":"publish","type":"post","link":"https:\/\/archive.sana.sy\/tr\/?p=87077","title":{"rendered":"Say\u0131lar\u0131, Karargahlar\u0131 ve Ara\u00e7lar\u0131yla A\u011f\u0131r Kay\u0131plar\u0131 Devam Ediyor"},"content":{"rendered":"<p>\u0130LLER \u2013 Ordu birliklerimiz hava g\u00fc\u00e7lerimiz ve top\u00e7u birliklerimizin deste\u011fi ile d\u0131\u015f g\u00fc\u00e7lere tabi ter\u00f6rist \u00e7eteleri say\u0131 ve ara\u00e7lar\u0131yla ciddi kay\u0131plara u\u011fratmaya devam ediyorlar.<\/p>\n<p><span style=\"color: #0000ff\">HALEP:<\/span><\/p>\n<p>SANA\u2019ya a\u00e7\u0131klamas\u0131nda askeri kaynak hava g\u00fc\u00e7lerimizin Halep k\u0131rsal\u0131n\u0131n kuzeyi ve do\u011fusu Mellah Mezralar\u0131, Hayyan, Anedan ve Maaret el Artik b\u00f6lgelerinde ter\u00f6ristlerin komuta karargahlar\u0131 ve hareketlenmelerine hava operasyonlar\u0131 ger\u00e7ekle\u015ftirdiklerini ifade etti. Kaynak; operasyonlarda \u00e7ok say\u0131da ter\u00f6ristin \u00f6l\u00fc ve yaral\u0131 d\u00fc\u015f\u00fcr\u00fcl\u00fcp bir k\u0131sm\u0131 a\u011f\u0131r makineli silahlarla donat\u0131lm\u0131\u015f ara\u00e7lar\u0131n\u0131n da yok edildi\u011fine dikkat \u00e7ekti.<\/p>\n<p>Halep Kentinin g\u00fcneyi Kerm el Dada ve Ramuse b\u00f6lgelerinde de hava g\u00fc\u00e7lerimizin Vahhabi \u00c2l Suud ve \u0130hvanc\u0131 Erdo\u011fan rejimlerine ba\u011fl\u0131 \u2018Fetih Ordusu\u2019na tabi ter\u00f6ristlerin mevki ve hareket eksinlerini hedef ald\u0131klar\u0131n\u0131 aktaran kaynak; buralarda da y\u00fcksek say\u0131da ter\u00f6risti su\u00e7 edatlar\u0131yla birlikte etkisizle\u015ftirdiklerini belirtti.<\/p>\n<p><span style=\"color: #0000ff\">HAMA:<\/span><\/p>\n<p>Di\u011fer yandan askeri kaynak SANA\u2019ya a\u00e7\u0131klamas\u0131nda hava g\u00fc\u00e7lerimizin Hama k\u0131rsal\u0131n\u0131n kuzeyi Suran, Muan, T\u0131ybat el \u0130mam, At\u015fan, Skeyk, Tel Bzam, Nas\u0131riye Tepesi ve Hurbat el Hicame b\u00f6lgelerinde \u2018Fetih Ordusu\u2019na ait karargahlar, z\u0131rhl\u0131 ara\u00e7lar ve tanklar\u0131 imha ederek tekfircilerin saflar\u0131nda \u00e7ok say\u0131da ter\u00f6risti \u00f6l\u00fc ve yaral\u0131 d\u00fc\u015f\u00fcrd\u00fcklerini kaydetti.<\/p>\n<p><span style=\"color: #0000ff\">HOMS:<\/span><\/p>\n<p>Homs\u2019ta ise askeri kaynak; hava g\u00fc\u00e7lerimizin il k\u0131rsal\u0131n\u0131n Tedmur Kentinin do\u011fusunda Erak K\u00f6y\u00fcn\u00fcn do\u011fusu, \u00fc\u00e7\u00fcnc\u00fc istasyonun bat\u0131s\u0131 ve Hevasis K\u00f6y\u00fcne ilaveten \u015eair ve Cezl Petrol sahalar\u0131 civarlar\u0131nda \u0130\u015e\u0130D\u2019e ait mevki ve karargahlar\u0131 muhtevalar\u0131yla imha ettiklerini s\u00f6yledi.<\/p>\n<p>Kaynak hava operasyonlar\u0131nda bir k\u0131sm\u0131 a\u011f\u0131r silahlarla donat\u0131lm\u0131\u015f \u00e7ok say\u0131da ara\u00e7la birlikte \u00e7ok say\u0131da ter\u00f6ristin de etkisiz hale getirildiklerini kaydetti.<\/p>\n<p><span style=\"color: #0000ff\">\u0130DL\u0130B:<\/span><\/p>\n<p>Bu arada SANA\u2019ya a\u00e7\u0131klama yapan saha kaynaklar\u0131; hava g\u00fc\u00e7lerimizin \u0130dlib Kentinin 25 km g\u00fcneydo\u011fusuna d\u00fc\u015fen Serakib B\u00f6lgesinin Muardibsi K\u00f6y\u00fcnde ter\u00f6r \u00f6rg\u00fctlere ait bir komuta karargah\u0131n\u0131n yan\u0131 s\u0131ra bir\u00e7ok arac\u0131 y\u00fckleriyle birlikte tamamen imha ettiklerini belirtti. Kaynaklar; karargahtaki t\u00fcm ter\u00f6ristlerin \u00f6l\u00fc ve yaral\u0131 d\u00fc\u015f\u00fcr\u00fcl\u00fcp silah ve m\u00fchimmatlar\u0131n\u0131n da yok edildi\u011fini s\u00f6zlerine ekledi.<\/p>\n<p><span style=\"color: #0000ff\">S\u00dcVEYDA:<\/span><\/p>\n<p>Di\u011fer yandan S\u00fcveyda Kentinin yakla\u015f\u0131k 50 km do\u011fusuna d\u00fc\u015fen Abar el Re\u015fide B\u00f6lgesinde ordu birliklerimiz \u0130srail\u2019den destek alan Nusra Cephesi ve I\u015e\u0130D tekfircilerin toplanma yerleri ve hareket eksenlerini yo\u011fun ate\u015fe tutmalar\u0131yla bir\u00e7ok yak\u0131t tankerini imha etti.<\/p>\n<p><span style=\"color: #0000ff\">DERA:<\/span><\/p>\n<p>Ordu birliklerimiz Dera Beled\u2019in muhtelif b\u00f6lgelerinde siper ve barikat kurmaya \u00e7al\u0131\u015fan Kaide \u00d6rg\u00fct\u00fcn\u00fcn Suriye kolu Nusra Cephesine tabi iki ter\u00f6r grubunun t\u00fcm \u00fcyelerini imha etti.<\/p>\n<p>Dera Beled\u2019in Nazihin Kamp\u0131nda da ordu birliklerimiz Nusra Cephesinin bir komuta karargah\u0131n\u0131 hedef almalar\u0131 sonucunda aralar\u0131nda tehlikeli isimlerin bulundu\u011fu bir\u00e7ok ter\u00f6risti \u00f6l\u00fc ve yaral\u0131 d\u00fc\u015f\u00fcrd\u00fc.<\/p>\n<p><span style=\"color: #0000ff\">KUNATRA:<\/span><\/p>\n<p>\u00d6te yandan SANA muhabiri; ordu birliklerimizin Halk Savunma G\u00fc\u00e7leriyle i\u015fbirli\u011fi i\u00e7inde Kunaytra k\u0131rsal\u0131n\u0131n Ofanya \u2013 Cebbata el Ha\u015fab yolunda ter\u00f6r \u00f6rg\u00fctlere ait bir arac\u0131 imha ederken; tehlikeli 2 ter\u00f6risti \u00f6ld\u00fcrd\u00fcklerini belirtti.<\/p>\n","protected":false},"excerpt":{"rendered":"<p>\u0130LLER \u2013 Ordu birliklerimiz hava g\u00fc\u00e7lerimiz ve top\u00e7u birliklerimizin deste\u011fi ile d\u0131\u015f g\u00fc\u00e7lere tabi ter\u00f6rist \u00e7eteleri say\u0131 ve ara\u00e7lar\u0131yla ciddi kay\u0131plara u\u011fratmaya devam ediyorlar. HALEP: SANA\u2019ya a\u00e7\u0131klamas\u0131nda askeri kaynak hava g\u00fc\u00e7lerimizin Halep k\u0131rsal\u0131n\u0131n kuzeyi ve do\u011fusu Mellah Mezralar\u0131, Hayyan, Anedan ve Maaret el Artik b\u00f6lgelerinde ter\u00f6ristlerin komuta karargahlar\u0131 ve hareketlenmelerine hava operasyonlar\u0131 ger\u00e7ekle\u015ftirdiklerini ifade etti. &hellip;<\/p>\n","protected":false},"author":1,"featured_media":87078,"comment_status":"closed","ping_status":"closed","sticky":false,"template":"","format":"standard","meta":{"footnotes":""},"categories":[575,17988],"tags":[23780,23779],"class_list":["post-87077","post","type-post","status-publish","format-standard","has-post-thumbnail","","category-olaylar-ve-gercekler","category-son-haberler","tag-karargahlari-ve-araclariyla-agir-kayiplari-devam-ediyor","tag-sayilari"],"_links":{"self":[{"href":"https:\/\/archive.sana.sy\/tr\/index.php?rest_route=\/wp\/v2\/posts\/87077","targetHints":{"allow":["GET"]}}],"collection":[{"href":"https:\/\/archive.sana.sy\/tr\/index.php?rest_route=\/wp\/v2\/posts"}],"about":[{"href":"https:\/\/archive.sana.sy\/tr\/index.php?rest_route=\/wp\/v2\/types\/post"}],"author":[{"embeddable":true,"href":"https:\/\/archive.sana.sy\/tr\/index.php?rest_route=\/wp\/v2\/users\/1"}],"replies":[{"embeddable":true,"href":"https:\/\/archive.sana.sy\/tr\/index.php?rest_route=%2Fwp%2Fv2%2Fcomments&post=87077"}],"version-history":[{"count":0,"href":"https:\/\/archive.sana.sy\/tr\/index.php?rest_route=\/wp\/v2\/posts\/87077\/revisions"}],"wp:featuredmedia":[{"embeddable":true,"href":"https:\/\/archive.sana.sy\/tr\/index.php?rest_route=\/wp\/v2\/media\/87078"}],"wp:attachment":[{"href":"https:\/\/archive.sana.sy\/tr\/index.php?rest_route=%2Fwp%2Fv2%2Fmedia&parent=87077"}],"wp:term":[{"taxonomy":"category","embeddable":true,"href":"https:\/\/archive.sana.sy\/tr\/index.php?rest_route=%2Fwp%2Fv2%2Fcategories&post=87077"},{"taxonomy":"post_tag","embeddable":true,"href":"https:\/\/archive.sana.sy\/tr\/index.php?rest_route=%2Fwp%2Fv2%2Ftags&post=87077"}],"curies":[{"name":"wp","href":"https:\/\/api.w.org\/{rel}","templated":true}]}}