{"id":87084,"date":"2016-09-07T19:43:45","date_gmt":"2016-09-07T16:43:45","guid":{"rendered":"http:\/\/www.sana.sy\/tr\/?p=87084"},"modified":"2016-09-09T16:04:03","modified_gmt":"2016-09-09T13:04:03","slug":"sivillere-yeni-saldirida-1-sehit-dustu","status":"publish","type":"post","link":"https:\/\/archive.sana.sy\/tr\/?p=87084","title":{"rendered":"Sivillere Yeni Sald\u0131r\u0131da 1 \u015eehit D\u00fc\u015ft\u00fc"},"content":{"rendered":"<p>\u0130LLER \u2013 \u0130\u015fgalci \u0130srail ve Vahhabi Suudi Arabistan\u2019\u0131n destekledikleri tekfirciler bug\u00fcn de \u00e7at\u0131\u015fmalar\u0131 durdurma anla\u015fmas\u0131n\u0131 ihlal ederek savunmas\u0131z insanlar\u0131 ve g\u00fcvenli alanlar\u0131 hedef ald\u0131lar.<\/p>\n<p><span style=\"color: #0000ff\">\u015eAM KIRSALI:<\/span><\/p>\n<p>\u015eam \u00c7evre Kent Emniyet M\u00fcd\u00fcrl\u00fc\u011f\u00fcnde yetkili bir kaynak SANA\u2019ya a\u00e7\u0131klamas\u0131nda; Do\u011fu \u011euta\u2019da siperlenen ve Suudi Arabistan rejimine tabi olan ter\u00f6ristlerin f\u0131rlatt\u0131klar\u0131 7 f\u00fczenin Haresta Banliy\u00f6s\u00fcne d\u00fc\u015fmeleri sonucunda bir vatanda\u015f\u0131n \u015fehit, birka\u00e7 vatanda\u015f\u0131n da yaral\u0131 d\u00fc\u015ft\u00fc\u011f\u00fcn\u00fc ifade etti.<\/p>\n<p>Kaynak; hain ve gaddar sald\u0131r\u0131larda sivillerin ev ve m\u00fclklerinde b\u00fcy\u00fck maddi hasar\u0131n olu\u015ftu\u011funa dikkat \u00e7ekti.<\/p>\n<p><span style=\"color: #0000ff\">KUNAYTRA:<\/span><\/p>\n<p>Kunaytra Emniyet M\u00fcd\u00fcrl\u00fc\u011f\u00fcnde bir kaynak ise benzer bir a\u00e7\u0131klamada i\u015fgalci \u0130srail&#8217;in destekledikleri ter\u00f6ristlerin Kunaytra Kentinin do\u011fusuna d\u00fc\u015fen Resm el Ravadi B\u00f6lgesinden Baas Kentindeki Hizmet Semti ve \u0130\u015f\u00e7i Konutlar\u0131n\u0131 f\u00fczelerle hedef ald\u0131klar\u0131n\u0131 kaydetti.<\/p>\n<p>Kaynak gaddar sald\u0131r\u0131larda be\u015feri isabetlerin olmad\u0131\u011f\u0131n\u0131, fakat \u00f6zel ve kamu m\u00fclklerde maddi hasar\u0131n meydana geldi\u011fini s\u00f6yledi.<\/p>\n","protected":false},"excerpt":{"rendered":"<p>\u0130LLER \u2013 \u0130\u015fgalci \u0130srail ve Vahhabi Suudi Arabistan\u2019\u0131n destekledikleri tekfirciler bug\u00fcn de \u00e7at\u0131\u015fmalar\u0131 durdurma anla\u015fmas\u0131n\u0131 ihlal ederek savunmas\u0131z insanlar\u0131 ve g\u00fcvenli alanlar\u0131 hedef ald\u0131lar. \u015eAM KIRSALI: \u015eam \u00c7evre Kent Emniyet M\u00fcd\u00fcrl\u00fc\u011f\u00fcnde yetkili bir kaynak SANA\u2019ya a\u00e7\u0131klamas\u0131nda; Do\u011fu \u011euta\u2019da siperlenen ve Suudi Arabistan rejimine tabi olan ter\u00f6ristlerin f\u0131rlatt\u0131klar\u0131 7 f\u00fczenin Haresta Banliy\u00f6s\u00fcne d\u00fc\u015fmeleri sonucunda bir vatanda\u015f\u0131n &hellip;<\/p>\n","protected":false},"author":1,"featured_media":87085,"comment_status":"closed","ping_status":"closed","sticky":false,"template":"","format":"standard","meta":{"footnotes":""},"categories":[479,575,17988,478],"tags":[23781],"class_list":["post-87084","post","type-post","status-publish","format-standard","has-post-thumbnail","","category-haberler-yerel","category-olaylar-ve-gercekler","category-son-haberler","category-yerel","tag-sivillere-yeni-saldirida-1-sehit-dustu"],"_links":{"self":[{"href":"https:\/\/archive.sana.sy\/tr\/index.php?rest_route=\/wp\/v2\/posts\/87084","targetHints":{"allow":["GET"]}}],"collection":[{"href":"https:\/\/archive.sana.sy\/tr\/index.php?rest_route=\/wp\/v2\/posts"}],"about":[{"href":"https:\/\/archive.sana.sy\/tr\/index.php?rest_route=\/wp\/v2\/types\/post"}],"author":[{"embeddable":true,"href":"https:\/\/archive.sana.sy\/tr\/index.php?rest_route=\/wp\/v2\/users\/1"}],"replies":[{"embeddable":true,"href":"https:\/\/archive.sana.sy\/tr\/index.php?rest_route=%2Fwp%2Fv2%2Fcomments&post=87084"}],"version-history":[{"count":0,"href":"https:\/\/archive.sana.sy\/tr\/index.php?rest_route=\/wp\/v2\/posts\/87084\/revisions"}],"wp:featuredmedia":[{"embeddable":true,"href":"https:\/\/archive.sana.sy\/tr\/index.php?rest_route=\/wp\/v2\/media\/87085"}],"wp:attachment":[{"href":"https:\/\/archive.sana.sy\/tr\/index.php?rest_route=%2Fwp%2Fv2%2Fmedia&parent=87084"}],"wp:term":[{"taxonomy":"category","embeddable":true,"href":"https:\/\/archive.sana.sy\/tr\/index.php?rest_route=%2Fwp%2Fv2%2Fcategories&post=87084"},{"taxonomy":"post_tag","embeddable":true,"href":"https:\/\/archive.sana.sy\/tr\/index.php?rest_route=%2Fwp%2Fv2%2Ftags&post=87084"}],"curies":[{"name":"wp","href":"https:\/\/api.w.org\/{rel}","templated":true}]}}