{"id":87087,"date":"2016-09-07T19:53:51","date_gmt":"2016-09-07T16:53:51","guid":{"rendered":"http:\/\/www.sana.sy\/tr\/?p=87087"},"modified":"2016-09-09T16:03:56","modified_gmt":"2016-09-09T13:03:56","slug":"akademik-program-mezunlarina-toren-duzenlendi","status":"publish","type":"post","link":"https:\/\/archive.sana.sy\/tr\/?p=87087","title":{"rendered":"Akademik Program Mezunlar\u0131na T\u00f6ren D\u00fczenlendi (video)"},"content":{"rendered":"<p>\u015eAM \u2013 Cumhurba\u015fkan\u0131n\u0131n e\u015fi Esma el Esad\u2019\u0131n g\u00f6zetimi ve kat\u0131l\u0131m\u0131 ile bug\u00fcn \u015eam \u00dcniversitesi Rekt\u00f6rl\u00fc\u011f\u00fcn\u00fcn konferans salonunda Ba\u015far\u0131 ve Yarat\u0131c\u0131l\u0131k Kurumunun akademik program\u0131ndan 33 mezununa onur t\u00f6reni d\u00fczenlendi.<\/p>\n<p>Bilim, teknoloji, lazer ve biyot\u0131p bilimlerinden mezun olanlar\u0131n diplomalar\u0131 da\u011f\u0131t\u0131ld\u0131\u011f\u0131 t\u00f6rende Suriye&#8217;nin bilim ve kalk\u0131nma y\u00fcr\u00fcy\u00fc\u015f\u00fcnde emin ad\u0131mlarla ilerledi\u011fine dikkat \u00e7ekildi.<\/p>\n<div id='gallery-1' class='gallery galleryid-87087 gallery-columns-3 gallery-size-thumbnail'><figure class='gallery-item'>\n\t\t\t<div class='gallery-icon landscape'>\n\t\t\t\t<a href='https:\/\/archive.sana.sy\/tr\/wp-content\/uploads\/2016\/09\/DSC_5805.jpg'><img loading=\"lazy\" decoding=\"async\" width=\"150\" height=\"100\" src=\"https:\/\/archive.sana.sy\/tr\/wp-content\/uploads\/2016\/09\/DSC_5805-150x100.jpg\" class=\"attachment-thumbnail size-thumbnail\" alt=\"\" srcset=\"https:\/\/archive.sana.sy\/tr\/wp-content\/uploads\/2016\/09\/DSC_5805-150x100.jpg 150w, https:\/\/archive.sana.sy\/tr\/wp-content\/uploads\/2016\/09\/DSC_5805-300x200.jpg 300w, https:\/\/archive.sana.sy\/tr\/wp-content\/uploads\/2016\/09\/DSC_5805-768x511.jpg 768w, https:\/\/archive.sana.sy\/tr\/wp-content\/uploads\/2016\/09\/DSC_5805-1024x681.jpg 1024w, https:\/\/archive.sana.sy\/tr\/wp-content\/uploads\/2016\/09\/DSC_5805-310x205.jpg 310w\" sizes=\"auto, (max-width: 150px) 100vw, 150px\" \/><\/a>\n\t\t\t<\/div><\/figure><figure class='gallery-item'>\n\t\t\t<div class='gallery-icon landscape'>\n\t\t\t\t<a href='https:\/\/archive.sana.sy\/tr\/wp-content\/uploads\/2016\/09\/DSC_5920.jpg'><img loading=\"lazy\" decoding=\"async\" width=\"150\" height=\"94\" src=\"https:\/\/archive.sana.sy\/tr\/wp-content\/uploads\/2016\/09\/DSC_5920-150x94.jpg\" class=\"attachment-thumbnail size-thumbnail\" alt=\"\" srcset=\"https:\/\/archive.sana.sy\/tr\/wp-content\/uploads\/2016\/09\/DSC_5920-150x94.jpg 150w, https:\/\/archive.sana.sy\/tr\/wp-content\/uploads\/2016\/09\/DSC_5920-300x189.jpg 300w, https:\/\/archive.sana.sy\/tr\/wp-content\/uploads\/2016\/09\/DSC_5920-768x484.jpg 768w, https:\/\/archive.sana.sy\/tr\/wp-content\/uploads\/2016\/09\/DSC_5920-1024x645.jpg 1024w\" sizes=\"auto, (max-width: 150px) 100vw, 150px\" \/><\/a>\n\t\t\t<\/div><\/figure><figure class='gallery-item'>\n\t\t\t<div class='gallery-icon landscape'>\n\t\t\t\t<a href='https:\/\/archive.sana.sy\/tr\/wp-content\/uploads\/2016\/09\/DSC_5978.jpg'><img loading=\"lazy\" decoding=\"async\" width=\"150\" height=\"93\" src=\"https:\/\/archive.sana.sy\/tr\/wp-content\/uploads\/2016\/09\/DSC_5978-150x93.jpg\" class=\"attachment-thumbnail size-thumbnail\" alt=\"\" srcset=\"https:\/\/archive.sana.sy\/tr\/wp-content\/uploads\/2016\/09\/DSC_5978-150x93.jpg 150w, https:\/\/archive.sana.sy\/tr\/wp-content\/uploads\/2016\/09\/DSC_5978-300x186.jpg 300w, https:\/\/archive.sana.sy\/tr\/wp-content\/uploads\/2016\/09\/DSC_5978-768x477.jpg 768w, https:\/\/archive.sana.sy\/tr\/wp-content\/uploads\/2016\/09\/DSC_5978-1024x636.jpg 1024w\" sizes=\"auto, (max-width: 150px) 100vw, 150px\" \/><\/a>\n\t\t\t<\/div><\/figure><figure class='gallery-item'>\n\t\t\t<div class='gallery-icon landscape'>\n\t\t\t\t<a href='https:\/\/archive.sana.sy\/tr\/wp-content\/uploads\/2016\/09\/OFL_7402-1.jpg'><img loading=\"lazy\" decoding=\"async\" width=\"150\" height=\"83\" src=\"https:\/\/archive.sana.sy\/tr\/wp-content\/uploads\/2016\/09\/OFL_7402-1-150x83.jpg\" class=\"attachment-thumbnail size-thumbnail\" alt=\"\" srcset=\"https:\/\/archive.sana.sy\/tr\/wp-content\/uploads\/2016\/09\/OFL_7402-1-150x83.jpg 150w, https:\/\/archive.sana.sy\/tr\/wp-content\/uploads\/2016\/09\/OFL_7402-1-300x165.jpg 300w, https:\/\/archive.sana.sy\/tr\/wp-content\/uploads\/2016\/09\/OFL_7402-1-768x423.jpg 768w, https:\/\/archive.sana.sy\/tr\/wp-content\/uploads\/2016\/09\/OFL_7402-1-1024x564.jpg 1024w\" sizes=\"auto, (max-width: 150px) 100vw, 150px\" \/><\/a>\n\t\t\t<\/div><\/figure><figure class='gallery-item'>\n\t\t\t<div class='gallery-icon landscape'>\n\t\t\t\t<a href='https:\/\/archive.sana.sy\/tr\/wp-content\/uploads\/2016\/09\/OFL_7637-copy.jpg'><img loading=\"lazy\" decoding=\"async\" width=\"150\" height=\"93\" src=\"https:\/\/archive.sana.sy\/tr\/wp-content\/uploads\/2016\/09\/OFL_7637-copy-150x93.jpg\" class=\"attachment-thumbnail size-thumbnail\" alt=\"\" srcset=\"https:\/\/archive.sana.sy\/tr\/wp-content\/uploads\/2016\/09\/OFL_7637-copy-150x93.jpg 150w, https:\/\/archive.sana.sy\/tr\/wp-content\/uploads\/2016\/09\/OFL_7637-copy-300x186.jpg 300w, https:\/\/archive.sana.sy\/tr\/wp-content\/uploads\/2016\/09\/OFL_7637-copy-768x477.jpg 768w, https:\/\/archive.sana.sy\/tr\/wp-content\/uploads\/2016\/09\/OFL_7637-copy-1024x636.jpg 1024w\" sizes=\"auto, (max-width: 150px) 100vw, 150px\" \/><\/a>\n\t\t\t<\/div><\/figure>\n\t\t<\/div>\n\n<p>https:\/\/www.youtube.com\/watch?v=YLYmAEiCLnU<\/p>\n","protected":false},"excerpt":{"rendered":"<p>\u015eAM \u2013 Cumhurba\u015fkan\u0131n\u0131n e\u015fi Esma el Esad\u2019\u0131n g\u00f6zetimi ve kat\u0131l\u0131m\u0131 ile bug\u00fcn \u015eam \u00dcniversitesi Rekt\u00f6rl\u00fc\u011f\u00fcn\u00fcn konferans salonunda Ba\u015far\u0131 ve Yarat\u0131c\u0131l\u0131k Kurumunun akademik program\u0131ndan 33 mezununa onur t\u00f6reni d\u00fczenlendi. Bilim, teknoloji, lazer ve biyot\u0131p bilimlerinden mezun olanlar\u0131n diplomalar\u0131 da\u011f\u0131t\u0131ld\u0131\u011f\u0131 t\u00f6rende Suriye&#8217;nin bilim ve kalk\u0131nma y\u00fcr\u00fcy\u00fc\u015f\u00fcnde emin ad\u0131mlarla ilerledi\u011fine dikkat \u00e7ekildi. https:\/\/www.youtube.com\/watch?v=YLYmAEiCLnU<\/p>\n","protected":false},"author":1,"featured_media":87088,"comment_status":"closed","ping_status":"closed","sticky":false,"template":"","format":"standard","meta":{"footnotes":""},"categories":[479,17988,478],"tags":[23782],"class_list":["post-87087","post","type-post","status-publish","format-standard","has-post-thumbnail","","category-haberler-yerel","category-son-haberler","category-yerel","tag-akademik-program-mezunlarina-toren-duzenlendi"],"_links":{"self":[{"href":"https:\/\/archive.sana.sy\/tr\/index.php?rest_route=\/wp\/v2\/posts\/87087","targetHints":{"allow":["GET"]}}],"collection":[{"href":"https:\/\/archive.sana.sy\/tr\/index.php?rest_route=\/wp\/v2\/posts"}],"about":[{"href":"https:\/\/archive.sana.sy\/tr\/index.php?rest_route=\/wp\/v2\/types\/post"}],"author":[{"embeddable":true,"href":"https:\/\/archive.sana.sy\/tr\/index.php?rest_route=\/wp\/v2\/users\/1"}],"replies":[{"embeddable":true,"href":"https:\/\/archive.sana.sy\/tr\/index.php?rest_route=%2Fwp%2Fv2%2Fcomments&post=87087"}],"version-history":[{"count":0,"href":"https:\/\/archive.sana.sy\/tr\/index.php?rest_route=\/wp\/v2\/posts\/87087\/revisions"}],"wp:featuredmedia":[{"embeddable":true,"href":"https:\/\/archive.sana.sy\/tr\/index.php?rest_route=\/wp\/v2\/media\/87088"}],"wp:attachment":[{"href":"https:\/\/archive.sana.sy\/tr\/index.php?rest_route=%2Fwp%2Fv2%2Fmedia&parent=87087"}],"wp:term":[{"taxonomy":"category","embeddable":true,"href":"https:\/\/archive.sana.sy\/tr\/index.php?rest_route=%2Fwp%2Fv2%2Fcategories&post=87087"},{"taxonomy":"post_tag","embeddable":true,"href":"https:\/\/archive.sana.sy\/tr\/index.php?rest_route=%2Fwp%2Fv2%2Ftags&post=87087"}],"curies":[{"name":"wp","href":"https:\/\/api.w.org\/{rel}","templated":true}]}}