{"id":87096,"date":"2016-09-07T21:06:27","date_gmt":"2016-09-07T18:06:27","guid":{"rendered":"http:\/\/www.sana.sy\/tr\/?p=87096"},"modified":"2016-09-09T16:03:45","modified_gmt":"2016-09-09T13:03:45","slug":"suriye-dusmanlarinin-tutumu-ile-uyumlu-bir-cizgi-haline-geldi","status":"publish","type":"post","link":"https:\/\/archive.sana.sy\/tr\/?p=87096","title":{"rendered":"Suriye D\u00fc\u015fmanlar\u0131n\u0131n Tutumu \u0130le Uyumlu Bir \u00c7izgi Haline Geldi"},"content":{"rendered":"<p>CENEVRE \u2013 Suriye\u2019nin Cenevre\u2019de Daimi BM Temsilcisi H\u00fcsamettin Ala; BM ve ona ba\u011fl\u0131 \u00f6rg\u00fctlere Suriye halk\u0131na kar\u015f\u0131 dayat\u0131lan tek tarafl\u0131 kat\u0131 yapt\u0131r\u0131mlar\u0131n ve uluslararas\u0131 destekli ter\u00f6r\u00fcn sorumlular\u0131n\u0131 g\u00f6rmezden gelmeye son vermeleri \u00e7a\u011fr\u0131s\u0131nda bulundu.<\/p>\n<p>BM \u0130nsani Yard\u0131m Faaliyetleri Ofisinin (OCHA) Suriye\u2019de \u0130nsani Durumlara ili\u015fkin d\u00fczenledi\u011fi toplant\u0131da konu\u015fan Ala; uluslararas\u0131 yetkililerin a\u00e7\u0131klamalar\u0131 ve haz\u0131rlanan raporlarda Suriye\u2019de insan haklar\u0131 dosyas\u0131 ile ilgili yakla\u015f\u0131mlar\u0131n Suriye halk\u0131na d\u00fc\u015fman taraflar\u0131n tutumlar\u0131yla uyumlu sabit bir \u00e7izgi haline geldi\u011fini ifade etti.<\/p>\n<p>Ala: \u201c\u2026 Ge\u00e7ti\u011fimiz Pazartesi g\u00fcn\u00fc Suriyeliler kanl\u0131 bir g\u00fcn ya\u015fad\u0131lar\u2026ter\u00f6ristlerin Tartus, Homs, \u015eam K\u0131rsal\u0131 ve Haseke\u2019de d\u00fczenledikleri intihar sald\u0131r\u0131lar\u0131 sonucunda onlarca Suriyeli hayat\u0131n\u0131 kaybetti onlarcas\u0131 da yaraland\u0131\u2026 bu kanl\u0131 sald\u0131r\u0131lar Suriye halk\u0131n\u0131n y\u0131llard\u0131r maruz kald\u0131\u011f\u0131 ter\u00f6r vah\u015fetini b\u00fct\u00fcn d\u00fcnyaya bir kez daha kan\u0131tlad\u0131\u2026 ancak b\u00fct\u00fcn bunlara ra\u011fmen kimi taraflar bu kanl\u0131 sald\u0131r\u0131lar\u0131 d\u00fczenleyen ter\u00f6r \u00f6rg\u00fctlerini \u201cMutedil Muhalefet\u201d \u015feklinde isimlendirmesi ter\u00f6re verilen deste\u011fin a\u00e7\u0131k ve net ifadesidir\u2026\u201d \u015feklinde konu\u015ftu.<\/p>\n<p>Pazartesi g\u00fcn\u00fc Suriye halk\u0131n\u0131 hedef alan kanl\u0131 ter\u00f6r sald\u0131r\u0131lar\u0131na ili\u015fkin BM yetkililerinden hala bir k\u0131nama gelmedi\u011fine dikkat \u00e7eken Ala; bu sald\u0131r\u0131lar\u0131n ter\u00f6r\u00fcn sorumlular\u0131n\u0131n g\u00f6rmezden gelmeye son verilmesi i\u00e7in bir d\u00f6n\u00fcm noktas\u0131 olmas\u0131 gerekti\u011finin alt\u0131n\u0131 \u00e7izdi.<\/p>\n<p>Suriye h\u00fck\u00fcmetinin, \u00fclkede ya\u015fanmakta olan krizin as\u0131l sebebini te\u015fkil eden ter\u00f6re kar\u015f\u0131 m\u00fccadelede b\u00fcy\u00fck \u00e7abalar harcad\u0131\u011f\u0131n\u0131 dile getiren Ala; Suriye h\u00fck\u00fcmetinin ayr\u0131ca BM\u2019ye ba\u011fl\u0131 insani yard\u0131m \u00f6rg\u00fctleri ile i\u015fbirli\u011fi i\u00e7erisinde \u00fclkedeki b\u00fct\u00fcn ter\u00f6r ma\u011fdurlar\u0131na insani yard\u0131m ula\u015ft\u0131rmak i\u00e7in hi\u00e7bir \u00e7abadan ka\u00e7\u0131nmad\u0131\u011f\u0131n\u0131 ibraz etti.<\/p>\n<p>OCHA ve \u0130nsani Yard\u0131m \u00d6rg\u00fctleri temsilcilerinin, Suriye\u2019de var olan durumlarla ilgili g\u00f6r\u00fc\u015f ve de\u011ferlendirmelerinin insani mefhumun temel noktalar\u0131ndan uzak oldu\u011funa i\u015faret eden Ala; Suriye h\u00fck\u00fcmetinin \u00fclkede ya\u015fanmakta olan b\u00fct\u00fcn zor ko\u015fullara ve uluslararas\u0131 dayat\u0131lan ekonomik yapt\u0131r\u0131mlara ra\u011fmen vatanda\u015flar\u0131n %75\u2019ine insani yard\u0131m sa\u011flamay\u0131 ba\u015fard\u0131\u011f\u0131n\u0131 belirtti.<\/p>\n<p>Suriye h\u00fck\u00fcmetinin insani yard\u0131m konusunda samimi olan b\u00fct\u00fcn kurum ve kurulu\u015flarla her zaman i\u015fbirli\u011fi yapmaya haz\u0131r oldu\u011funun alt\u0131n\u0131 \u00e7izen Ala; Suriye H\u00fck\u00fcmeti ile g\u00fcvenilir bir i\u015fbirli\u011fi olmamas\u0131 halinde istikrarl\u0131 ya da istikrars\u0131z b\u00f6lgelere insani yard\u0131m ula\u015ft\u0131rmada ba\u015far\u0131l\u0131 olunmas\u0131n\u0131n m\u00fcmk\u00fcn olmayaca\u011f\u0131n\u0131 vurgulad\u0131.<\/p>\n<p>Ala; Suriye\u2019de insani durum ve yard\u0131mlarla ilgili haz\u0131rlanan uluslararas\u0131 raporlarda, ihtiya\u00e7 sahiplerine insani yard\u0131m ula\u015ft\u0131r\u0131lmas\u0131nda sa\u011flanan ba\u015far\u0131larda Suriye h\u00fck\u00fcmeti ile yap\u0131lan i\u015fbirli\u011finin rol\u00fc ve \u00f6nemini yans\u0131tmad\u0131\u011f\u0131na dikkat \u00e7ekti.<\/p>\n<p>Suriye\u2019nin farkl\u0131 b\u00f6lgelerindeki insani yard\u0131m ihtiya\u00e7lar\u0131yla ilgili rakamlar\u0131n Suriye h\u00fck\u00fcmeti ile i\u015fbirli\u011fi i\u00e7erisinde g\u00fcvenilir bilgi ve belgelere dayanmas\u0131 gere\u011fini dile getiren Ala; tarafs\u0131zl\u0131\u011f\u0131 ve g\u00fcvenilirli\u011fi \u015f\u00fcpheli olan verilere dayanarak yap\u0131lan de\u011ferlendirme ve ihtiya\u00e7 belirleme oyunlar\u0131n\u0131n kabul edilemeyece\u011fini vurgulad\u0131.<\/p>\n<p>Son s\u00fcre\u00e7te haz\u0131rlanan raporlar\u0131n Suriye\u2019nin farkl\u0131 b\u00f6lgelerine g\u00f6nderilen insani yard\u0131mlarla ilgili yolsuzluk ve ihlaller kar\u015f\u0131s\u0131nda b\u00fcy\u00fck \u015fa\u015fk\u0131nl\u0131k ya\u015fad\u0131\u011f\u0131n\u0131 ifade eden Ala; s\u00f6z konusu raporlarda Suriye s\u0131n\u0131r\u0131n\u0131 insani yard\u0131m olarak ge\u00e7en malzemelerin sonras\u0131nda silahl\u0131 ter\u00f6r gruplar\u0131n eline ge\u00e7ti\u011fi ya da piyasada sat\u0131\u015f\u0131 yap\u0131ld\u0131\u011f\u0131na i\u015faret edildi\u011fini ibraz etti.<\/p>\n<p>R.M.<\/p>\n","protected":false},"excerpt":{"rendered":"<p>CENEVRE \u2013 Suriye\u2019nin Cenevre\u2019de Daimi BM Temsilcisi H\u00fcsamettin Ala; BM ve ona ba\u011fl\u0131 \u00f6rg\u00fctlere Suriye halk\u0131na kar\u015f\u0131 dayat\u0131lan tek tarafl\u0131 kat\u0131 yapt\u0131r\u0131mlar\u0131n ve uluslararas\u0131 destekli ter\u00f6r\u00fcn sorumlular\u0131n\u0131 g\u00f6rmezden gelmeye son vermeleri \u00e7a\u011fr\u0131s\u0131nda bulundu. BM \u0130nsani Yard\u0131m Faaliyetleri Ofisinin (OCHA) Suriye\u2019de \u0130nsani Durumlara ili\u015fkin d\u00fczenledi\u011fi toplant\u0131da konu\u015fan Ala; uluslararas\u0131 yetkililerin a\u00e7\u0131klamalar\u0131 ve haz\u0131rlanan raporlarda Suriye\u2019de insan &hellip;<\/p>\n","protected":false},"author":1,"featured_media":87094,"comment_status":"closed","ping_status":"closed","sticky":false,"template":"","format":"standard","meta":{"footnotes":""},"categories":[458,459,17988],"tags":[23786,23785,21401],"class_list":["post-87096","post","type-post","status-publish","format-standard","has-post-thumbnail","","category-dunya1","category-haberler-arap-uluslararasi-politika","category-son-haberler","tag-husamettin-ala","tag-suriyenin-cenevrede-daimi-bm-temsilcisi-husamettin-ala","tag-suriyede-insani-durumlar"],"_links":{"self":[{"href":"https:\/\/archive.sana.sy\/tr\/index.php?rest_route=\/wp\/v2\/posts\/87096","targetHints":{"allow":["GET"]}}],"collection":[{"href":"https:\/\/archive.sana.sy\/tr\/index.php?rest_route=\/wp\/v2\/posts"}],"about":[{"href":"https:\/\/archive.sana.sy\/tr\/index.php?rest_route=\/wp\/v2\/types\/post"}],"author":[{"embeddable":true,"href":"https:\/\/archive.sana.sy\/tr\/index.php?rest_route=\/wp\/v2\/users\/1"}],"replies":[{"embeddable":true,"href":"https:\/\/archive.sana.sy\/tr\/index.php?rest_route=%2Fwp%2Fv2%2Fcomments&post=87096"}],"version-history":[{"count":0,"href":"https:\/\/archive.sana.sy\/tr\/index.php?rest_route=\/wp\/v2\/posts\/87096\/revisions"}],"wp:featuredmedia":[{"embeddable":true,"href":"https:\/\/archive.sana.sy\/tr\/index.php?rest_route=\/wp\/v2\/media\/87094"}],"wp:attachment":[{"href":"https:\/\/archive.sana.sy\/tr\/index.php?rest_route=%2Fwp%2Fv2%2Fmedia&parent=87096"}],"wp:term":[{"taxonomy":"category","embeddable":true,"href":"https:\/\/archive.sana.sy\/tr\/index.php?rest_route=%2Fwp%2Fv2%2Fcategories&post=87096"},{"taxonomy":"post_tag","embeddable":true,"href":"https:\/\/archive.sana.sy\/tr\/index.php?rest_route=%2Fwp%2Fv2%2Ftags&post=87096"}],"curies":[{"name":"wp","href":"https:\/\/api.w.org\/{rel}","templated":true}]}}