{"id":87098,"date":"2016-09-07T22:00:11","date_gmt":"2016-09-07T19:00:11","guid":{"rendered":"http:\/\/www.sana.sy\/tr\/?p=87098"},"modified":"2016-09-09T16:01:07","modified_gmt":"2016-09-09T13:01:07","slug":"haydar-yerel-uzlasma-projesi-siyasi-cozumun-ana-basligi-haline-geldi","status":"publish","type":"post","link":"https:\/\/archive.sana.sy\/tr\/?p=87098","title":{"rendered":"Haydar: Yerel Uzla\u015fma Projesi Siyasi \u00c7\u00f6z\u00fcm\u00fcn Ana Ba\u015fl\u0131\u011f\u0131 Haline Geldi"},"content":{"rendered":"<p>\u015eAM \u2013 Ulusal Uzla\u015fma \u0130\u015flerinden Sorumlu Devlet Bakan\u0131 Ali Haydar; yerel uzla\u015fma projesinin, ter\u00f6re m\u00fccadelede kahraman birliklerimizin misyonuna paralel olarak Suriye krizinin \u00e7\u00f6z\u00fcm\u00fcn\u00fcn ana ba\u015fl\u0131\u011f\u0131 haline geldi\u011fini ifade etti.<\/p>\n<p>\u00c7in Halk Cumhuriyetinin \u015eam B\u00fcy\u00fckel\u00e7isi Qi Qianjin ile bir araya gelen Haydar; \u00c7in Halk Cumhuriyetinin, Suriye\u2019de ya\u015fanmakta olan krize ili\u015fkin siyasi \u00e7\u00f6z\u00fcm s\u00fcrecini ve diyalogu destekleyen tutumuna \u00f6vg\u00fcl\u00fc c\u00fcmlelerle i\u015faret ederek siyasi \u00e7\u00f6z\u00fcm ve yeniden in\u015fa s\u00fcrecinde \u00c7in Halk Cumhuriyeti ve BRICS Devletler Grubunun deneyimlerinden faydalanma olanaklar\u0131n\u0131 vurgulad\u0131.<\/p>\n<p>Di\u011fer taraftan \u00fclkesinin Suriye Halk\u0131n\u0131 destekleyen politikalar\u0131nda kararl\u0131 ve \u0131srarl\u0131 oldu\u011funu ifade eden \u00c7in Halk Cumhuriyeti B\u00fcy\u00fckel\u00e7isi; \u00fclkesinin ayr\u0131ca Suriye\u2019nin ulusal ve toprak b\u00fct\u00fcnl\u00fc\u011f\u00fc ile ba\u011f\u0131ms\u0131zl\u0131k ve egemenli\u011fine b\u00fcy\u00fck bir \u00f6nem verdi\u011fini belirtti.<\/p>\n<p>B\u00fcy\u00fckel\u00e7i ile g\u00f6r\u00fc\u015fmesinin ard\u0131ndan gazetecilere bir a\u00e7\u0131klama yapan Haydar; \u00c7in Halk Cumhuriyetinin Suriye halk\u0131na sundu\u011fu deste\u011fin iki \u00fclke aras\u0131ndaki dostluk ili\u015fkilerinin derinli\u011fini yans\u0131tt\u0131\u011f\u0131n\u0131 dile getirerek son s\u00fcre\u00e7te bu ili\u015fkilerin daha \u00fcst seviyelere ta\u015f\u0131narak g\u00fc\u00e7lenmeye ba\u015flad\u0131\u011f\u0131n\u0131 belirtti.<\/p>\n<p>R.M.<\/p>\n","protected":false},"excerpt":{"rendered":"<p>\u015eAM \u2013 Ulusal Uzla\u015fma \u0130\u015flerinden Sorumlu Devlet Bakan\u0131 Ali Haydar; yerel uzla\u015fma projesinin, ter\u00f6re m\u00fccadelede kahraman birliklerimizin misyonuna paralel olarak Suriye krizinin \u00e7\u00f6z\u00fcm\u00fcn\u00fcn ana ba\u015fl\u0131\u011f\u0131 haline geldi\u011fini ifade etti. \u00c7in Halk Cumhuriyetinin \u015eam B\u00fcy\u00fckel\u00e7isi Qi Qianjin ile bir araya gelen Haydar; \u00c7in Halk Cumhuriyetinin, Suriye\u2019de ya\u015fanmakta olan krize ili\u015fkin siyasi \u00e7\u00f6z\u00fcm s\u00fcrecini ve diyalogu destekleyen &hellip;<\/p>\n","protected":false},"author":1,"featured_media":87099,"comment_status":"closed","ping_status":"closed","sticky":false,"template":"","format":"standard","meta":{"footnotes":""},"categories":[479,17988,478],"tags":[21169,23783,23784,22182,17534],"class_list":["post-87098","post","type-post","status-publish","format-standard","has-post-thumbnail","","category-haberler-yerel","category-son-haberler","category-yerel","tag-ali-haydar","tag-cin-halk-cumhuriyetinin-sam-buyukelcisi","tag-qi-qianjin","tag-suriyede-savas","tag-ulusal-uzlasma-islerinden-sorumlu-devlet-bakani-ali-haydar"],"_links":{"self":[{"href":"https:\/\/archive.sana.sy\/tr\/index.php?rest_route=\/wp\/v2\/posts\/87098","targetHints":{"allow":["GET"]}}],"collection":[{"href":"https:\/\/archive.sana.sy\/tr\/index.php?rest_route=\/wp\/v2\/posts"}],"about":[{"href":"https:\/\/archive.sana.sy\/tr\/index.php?rest_route=\/wp\/v2\/types\/post"}],"author":[{"embeddable":true,"href":"https:\/\/archive.sana.sy\/tr\/index.php?rest_route=\/wp\/v2\/users\/1"}],"replies":[{"embeddable":true,"href":"https:\/\/archive.sana.sy\/tr\/index.php?rest_route=%2Fwp%2Fv2%2Fcomments&post=87098"}],"version-history":[{"count":0,"href":"https:\/\/archive.sana.sy\/tr\/index.php?rest_route=\/wp\/v2\/posts\/87098\/revisions"}],"wp:featuredmedia":[{"embeddable":true,"href":"https:\/\/archive.sana.sy\/tr\/index.php?rest_route=\/wp\/v2\/media\/87099"}],"wp:attachment":[{"href":"https:\/\/archive.sana.sy\/tr\/index.php?rest_route=%2Fwp%2Fv2%2Fmedia&parent=87098"}],"wp:term":[{"taxonomy":"category","embeddable":true,"href":"https:\/\/archive.sana.sy\/tr\/index.php?rest_route=%2Fwp%2Fv2%2Fcategories&post=87098"},{"taxonomy":"post_tag","embeddable":true,"href":"https:\/\/archive.sana.sy\/tr\/index.php?rest_route=%2Fwp%2Fv2%2Ftags&post=87098"}],"curies":[{"name":"wp","href":"https:\/\/api.w.org\/{rel}","templated":true}]}}