{"id":87153,"date":"2016-09-08T12:35:11","date_gmt":"2016-09-08T09:35:11","guid":{"rendered":"http:\/\/www.sana.sy\/tr\/?p=87153"},"modified":"2016-09-08T14:33:50","modified_gmt":"2016-09-08T11:33:50","slug":"disisleri-ve-gurbetciler-bakanliginda-yetkili-bir-kaynak-ingiltere-disisleri-bakani-boris-johnsonun-suriyede-insani-durumlara-iliskin-yaptigi-aciklamalarin-ingiltere-hukumetinin-suriye-ve","status":"publish","type":"post","link":"https:\/\/archive.sana.sy\/tr\/?p=87153","title":{"rendered":"D\u0131\u015fi\u015fleri ve Gurbet\u00e7iler Bakanl\u0131\u011f\u0131nda yetkili bir kaynak; \u0130ngiltere D\u0131\u015fi\u015fleri Bakan\u0131 Boris Johnson\u2019un Suriye&#8217;de insani durumlara ili\u015fkin yapt\u0131\u011f\u0131 a\u00e7\u0131klamalar\u0131n, \u0130ngiltere h\u00fck\u00fcmetinin Suriye ve halk\u0131na y\u00f6nelik sava\u015fa destek vermeye devam etti\u011finin bir kan\u0131t\u0131 oldu\u011funu ifade etti"},"content":{"rendered":"<p>D\u0131\u015fi\u015fleri ve Gurbet\u00e7iler Bakanl\u0131\u011f\u0131nda yetkili bir kaynak; \u0130ngiltere D\u0131\u015fi\u015fleri Bakan\u0131 Boris Johnson\u2019un Suriye&#8217;de insani durumlara ili\u015fkin yapt\u0131\u011f\u0131 a\u00e7\u0131klamalar\u0131n, \u0130ngiltere h\u00fck\u00fcmetinin Suriye ve halk\u0131na y\u00f6nelik sava\u015fa destek vermeye devam etti\u011finin bir kan\u0131t\u0131 oldu\u011funu ifade etti<\/p>\n","protected":false},"excerpt":{"rendered":"<p>D\u0131\u015fi\u015fleri ve Gurbet\u00e7iler Bakanl\u0131\u011f\u0131nda yetkili bir kaynak; \u0130ngiltere D\u0131\u015fi\u015fleri Bakan\u0131 Boris Johnson\u2019un Suriye&#8217;de insani durumlara ili\u015fkin yapt\u0131\u011f\u0131 a\u00e7\u0131klamalar\u0131n, \u0130ngiltere h\u00fck\u00fcmetinin Suriye ve halk\u0131na y\u00f6nelik sava\u015fa destek vermeye devam etti\u011finin bir kan\u0131t\u0131 oldu\u011funu ifade etti<\/p>\n","protected":false},"author":1,"featured_media":0,"comment_status":"closed","ping_status":"closed","sticky":false,"template":"","format":"standard","meta":{"footnotes":""},"categories":[17991],"tags":[],"class_list":["post-87153","post","type-post","status-publish","format-standard","","category-son-dakika"],"_links":{"self":[{"href":"https:\/\/archive.sana.sy\/tr\/index.php?rest_route=\/wp\/v2\/posts\/87153","targetHints":{"allow":["GET"]}}],"collection":[{"href":"https:\/\/archive.sana.sy\/tr\/index.php?rest_route=\/wp\/v2\/posts"}],"about":[{"href":"https:\/\/archive.sana.sy\/tr\/index.php?rest_route=\/wp\/v2\/types\/post"}],"author":[{"embeddable":true,"href":"https:\/\/archive.sana.sy\/tr\/index.php?rest_route=\/wp\/v2\/users\/1"}],"replies":[{"embeddable":true,"href":"https:\/\/archive.sana.sy\/tr\/index.php?rest_route=%2Fwp%2Fv2%2Fcomments&post=87153"}],"version-history":[{"count":0,"href":"https:\/\/archive.sana.sy\/tr\/index.php?rest_route=\/wp\/v2\/posts\/87153\/revisions"}],"wp:attachment":[{"href":"https:\/\/archive.sana.sy\/tr\/index.php?rest_route=%2Fwp%2Fv2%2Fmedia&parent=87153"}],"wp:term":[{"taxonomy":"category","embeddable":true,"href":"https:\/\/archive.sana.sy\/tr\/index.php?rest_route=%2Fwp%2Fv2%2Fcategories&post=87153"},{"taxonomy":"post_tag","embeddable":true,"href":"https:\/\/archive.sana.sy\/tr\/index.php?rest_route=%2Fwp%2Fv2%2Ftags&post=87153"}],"curies":[{"name":"wp","href":"https:\/\/api.w.org\/{rel}","templated":true}]}}