{"id":87160,"date":"2016-09-08T12:42:03","date_gmt":"2016-09-08T09:42:03","guid":{"rendered":"http:\/\/www.sana.sy\/tr\/?p=87160"},"modified":"2016-09-08T14:34:58","modified_gmt":"2016-09-08T11:34:58","slug":"ingiltere-hukumetinin-terorun-bolge-ve-tum-dunyaya-karsi-teskil-ettigi-tehlikede-de-direk-bir-sorumluluk-ustlendigine-dikkat-ceken-kaynak-bu-hukumetin-radikal-orgutler-dahil-muhtelif-isimler-altinda","status":"publish","type":"post","link":"https:\/\/archive.sana.sy\/tr\/?p=87160","title":{"rendered":"\u0130ngiltere h\u00fck\u00fcmetinin, ter\u00f6r\u00fcn b\u00f6lge ve t\u00fcm d\u00fcnyaya kar\u015f\u0131 te\u015fkil etti\u011fi tehlikede de direk bir sorumluluk \u00fcstlendi\u011fine dikkat \u00e7eken kaynak; bu h\u00fck\u00fcmetin radikal \u00f6rg\u00fctler dahil muhtelif isimler alt\u0131nda deh\u015fet sa\u00e7an ter\u00f6ristlere temin etti\u011fi destek ve \u00f6rt\u00fcye de i\u015faret etti"},"content":{"rendered":"<p>\u0130ngiltere h\u00fck\u00fcmetinin, ter\u00f6r\u00fcn b\u00f6lge ve t\u00fcm d\u00fcnyaya kar\u015f\u0131 te\u015fkil etti\u011fi tehlikede de direk bir sorumluluk \u00fcstlendi\u011fine dikkat \u00e7eken kaynak; bu h\u00fck\u00fcmetin radikal \u00f6rg\u00fctler dahil muhtelif isimler alt\u0131nda deh\u015fet sa\u00e7an ter\u00f6ristlere temin etti\u011fi destek ve \u00f6rt\u00fcye de i\u015faret etti<\/p>\n","protected":false},"excerpt":{"rendered":"<p>\u0130ngiltere h\u00fck\u00fcmetinin, ter\u00f6r\u00fcn b\u00f6lge ve t\u00fcm d\u00fcnyaya kar\u015f\u0131 te\u015fkil etti\u011fi tehlikede de direk bir sorumluluk \u00fcstlendi\u011fine dikkat \u00e7eken kaynak; bu h\u00fck\u00fcmetin radikal \u00f6rg\u00fctler dahil muhtelif isimler alt\u0131nda deh\u015fet sa\u00e7an ter\u00f6ristlere temin etti\u011fi destek ve \u00f6rt\u00fcye de i\u015faret etti<\/p>\n","protected":false},"author":1,"featured_media":0,"comment_status":"closed","ping_status":"closed","sticky":false,"template":"","format":"standard","meta":{"footnotes":""},"categories":[17991],"tags":[],"class_list":["post-87160","post","type-post","status-publish","format-standard","","category-son-dakika"],"_links":{"self":[{"href":"https:\/\/archive.sana.sy\/tr\/index.php?rest_route=\/wp\/v2\/posts\/87160","targetHints":{"allow":["GET"]}}],"collection":[{"href":"https:\/\/archive.sana.sy\/tr\/index.php?rest_route=\/wp\/v2\/posts"}],"about":[{"href":"https:\/\/archive.sana.sy\/tr\/index.php?rest_route=\/wp\/v2\/types\/post"}],"author":[{"embeddable":true,"href":"https:\/\/archive.sana.sy\/tr\/index.php?rest_route=\/wp\/v2\/users\/1"}],"replies":[{"embeddable":true,"href":"https:\/\/archive.sana.sy\/tr\/index.php?rest_route=%2Fwp%2Fv2%2Fcomments&post=87160"}],"version-history":[{"count":0,"href":"https:\/\/archive.sana.sy\/tr\/index.php?rest_route=\/wp\/v2\/posts\/87160\/revisions"}],"wp:attachment":[{"href":"https:\/\/archive.sana.sy\/tr\/index.php?rest_route=%2Fwp%2Fv2%2Fmedia&parent=87160"}],"wp:term":[{"taxonomy":"category","embeddable":true,"href":"https:\/\/archive.sana.sy\/tr\/index.php?rest_route=%2Fwp%2Fv2%2Fcategories&post=87160"},{"taxonomy":"post_tag","embeddable":true,"href":"https:\/\/archive.sana.sy\/tr\/index.php?rest_route=%2Fwp%2Fv2%2Ftags&post=87160"}],"curies":[{"name":"wp","href":"https:\/\/api.w.org\/{rel}","templated":true}]}}