{"id":87177,"date":"2016-09-08T11:23:06","date_gmt":"2016-09-08T08:23:06","guid":{"rendered":"http:\/\/www.sana.sy\/tr\/?p=87177"},"modified":"2016-09-08T15:22:34","modified_gmt":"2016-09-08T12:22:34","slug":"ordu-birliklerimiz-safra-tepesi-civarinda-teroristlerle-catismalarinda-onlari-agir-kayiplara-ugratmalari-ardindan-tepeyi-kontrollerine-gecirdi","status":"publish","type":"post","link":"https:\/\/archive.sana.sy\/tr\/?p=87177","title":{"rendered":"Ordu birliklerimiz Safra Tepesi civar\u0131nda ter\u00f6ristlerle \u00e7at\u0131\u015fmalar\u0131nda onlar\u0131 a\u011f\u0131r kay\u0131plara u\u011fratmalar\u0131 ard\u0131ndan tepeyi kontrollerine ge\u00e7irdi"},"content":{"rendered":"<p>Ordu birliklerimiz Safra Tepesi civar\u0131nda ter\u00f6ristlerle \u00e7at\u0131\u015fmalar\u0131nda onlar\u0131 a\u011f\u0131r kay\u0131plara u\u011fratmalar\u0131 ard\u0131ndan tepeyi kontrollerine ge\u00e7irdi<\/p>\n","protected":false},"excerpt":{"rendered":"<p>Ordu birliklerimiz Safra Tepesi civar\u0131nda ter\u00f6ristlerle \u00e7at\u0131\u015fmalar\u0131nda onlar\u0131 a\u011f\u0131r kay\u0131plara u\u011fratmalar\u0131 ard\u0131ndan tepeyi kontrollerine ge\u00e7irdi<\/p>\n","protected":false},"author":1,"featured_media":0,"comment_status":"closed","ping_status":"closed","sticky":false,"template":"","format":"standard","meta":{"footnotes":""},"categories":[17991],"tags":[],"class_list":["post-87177","post","type-post","status-publish","format-standard","","category-son-dakika"],"_links":{"self":[{"href":"https:\/\/archive.sana.sy\/tr\/index.php?rest_route=\/wp\/v2\/posts\/87177","targetHints":{"allow":["GET"]}}],"collection":[{"href":"https:\/\/archive.sana.sy\/tr\/index.php?rest_route=\/wp\/v2\/posts"}],"about":[{"href":"https:\/\/archive.sana.sy\/tr\/index.php?rest_route=\/wp\/v2\/types\/post"}],"author":[{"embeddable":true,"href":"https:\/\/archive.sana.sy\/tr\/index.php?rest_route=\/wp\/v2\/users\/1"}],"replies":[{"embeddable":true,"href":"https:\/\/archive.sana.sy\/tr\/index.php?rest_route=%2Fwp%2Fv2%2Fcomments&post=87177"}],"version-history":[{"count":0,"href":"https:\/\/archive.sana.sy\/tr\/index.php?rest_route=\/wp\/v2\/posts\/87177\/revisions"}],"wp:attachment":[{"href":"https:\/\/archive.sana.sy\/tr\/index.php?rest_route=%2Fwp%2Fv2%2Fmedia&parent=87177"}],"wp:term":[{"taxonomy":"category","embeddable":true,"href":"https:\/\/archive.sana.sy\/tr\/index.php?rest_route=%2Fwp%2Fv2%2Fcategories&post=87177"},{"taxonomy":"post_tag","embeddable":true,"href":"https:\/\/archive.sana.sy\/tr\/index.php?rest_route=%2Fwp%2Fv2%2Ftags&post=87177"}],"curies":[{"name":"wp","href":"https:\/\/api.w.org\/{rel}","templated":true}]}}